{"id":17148,"date":"2022-09-19T10:15:31","date_gmt":"2022-09-19T09:15:31","guid":{"rendered":"https:\/\/zonaverde.pt\/?p=17148"},"modified":"2022-09-19T10:14:00","modified_gmt":"2022-09-19T09:14:00","slug":"qual-e-a-importancia-da-gestao-estrategica","status":"publish","type":"post","link":"https:\/\/zonaverde.pt\/site\/qual-e-a-importancia-da-gestao-estrategica\/","title":{"rendered":"Qual \u00e9 a import\u00e2ncia da gest\u00e3o estrat\u00e9gica?"},"content":{"rendered":"<p>O mercado est\u00e1 cada vez mais competitivo e todos os dias nos deparamos com novas barreiras, desafios e concorrentes.<\/p>\n<p>Por isso mesmo \u00e9 necess\u00e1rio que se saiba lidar com as adversidades e mudan\u00e7as e \u00e9 importante que haja gestores que saibam destacar as empresas atrav\u00e9s de boas estrat\u00e9gias.<\/p>\n<p>Atrav\u00e9s da gest\u00e3o estrat\u00e9gica, o neg\u00f3cio vai ter uma boa sa\u00fade financeira e, consequentemente um bom crescimento.<!--more--><\/p>\n<p><strong>O que \u00e9 a gest\u00e3o estrat\u00e9gica?<\/strong><\/p>\n<p>Na gest\u00e3o estrat\u00e9gica s\u00e3o definidos os objetivos e geridos todos os planos de a\u00e7\u00e3o para que a empresa chegue ao sucesso. Passa por v\u00e1rios passos, desde a elabora\u00e7\u00e3o de projetos, mudan\u00e7as de estrat\u00e9gicas, at\u00e9 ao acompanhamento e gest\u00e3o do que foi implementado anteriormente.<\/p>\n<p>Ou seja, a gest\u00e3o estrat\u00e9gica acaba por ser respons\u00e1vel por garantir o que foi estabelecido no Planeamento Estrat\u00e9gico (as metas que s\u00e3o estabelecidas, principais objetivos e planos de a\u00e7\u00e3o para alcan\u00e7ar tudo isso).<\/p>\n<p>Podemos considerar que tudo o que envolve estrat\u00e9gia acaba por ser de grande import\u00e2ncia dentro de uma empresa, visto ser uma esp\u00e9cie de guia.<\/p>\n<p>\u00c9 necess\u00e1rio conhecer n\u00e3o s\u00f3 o ambiente interno, mas tamb\u00e9m o ambiente externo da empresa, de forma a que se possa analisar e utilizar as melhores metodologias. Como por exemplo: an\u00e1lise SWOT, matriz BCG, PDCA, entre outras.<\/p>\n<p>Devemos reger a empresa por quatro perspetivas: financeira, de clientes, de neg\u00f3cios internos e de aprendizagem e crescimento.<\/p>\n<p>&nbsp;<\/p>\n<p><strong>Quais s\u00e3o os objetivos da gest\u00e3o estrat\u00e9gica?<\/strong><\/p>\n<p>A gest\u00e3o estrat\u00e9gica tem como objetivo gerir as a\u00e7\u00f5es e objetivos definidos anteriormente no planeamento estrat\u00e9gico.<\/p>\n<p><strong>Como \u00e9 que implementamos a gest\u00e3o estrat\u00e9gica na nossa empresa\/organiza\u00e7\u00e3o?<\/strong><\/p>\n<ul>\n<li>An\u00e1lise do ambiente<\/li>\n<li>Planeamento estrat\u00e9gico<\/li>\n<li>Implementa\u00e7\u00e3o<\/li>\n<li>Reflex\u00e3o e Aprendizagem<\/li>\n<\/ul>\n<p>&nbsp;<\/p>\n<p>A gest\u00e3o estrat\u00e9gica torna-se muito importante nas empresas porque al\u00e9m de tra\u00e7ar as metas, ajuda a compreender como toda a equipa trabalha, quais as dificuldades \u00e9 que existem e como pode ultrapass\u00e1-las.<\/p>\n<p>Para implementarmos uma boa estrat\u00e9gia empresarial, podemos seguir diversos passos:<\/p>\n<ol>\n<li>Antes de iniciar um projeto, temos de nos perguntar o que \u00e9 que o envolve.<\/li>\n<li>\u00c9 importante avaliar o projeto sob v\u00e1rias perspetivas.<\/li>\n<li>Fazer a escolha da equipa ideal para o projeto.<\/li>\n<li>Definir metas ating\u00edveis.<\/li>\n<li>Acompanhar os resultados atrav\u00e9s de indicadores de performance.<\/li>\n<li>Avaliar o processo ap\u00f3s concluir o projeto.<\/li>\n<\/ol>\n<p>&nbsp;<\/p>\n<p>\u00c9 atrav\u00e9s da gest\u00e3o estrat\u00e9gica que todos os profissionais que atuam na empresa tomam consci\u00eancia sobre as suas responsabilidades, que acaba por se refletir no aumento da produtividade e, consequentemente, da competitividade do neg\u00f3cio, e no aux\u00edlio do uso adequado de recursos, redu\u00e7\u00e3o de desperd\u00edcios e maximiza\u00e7\u00e3o da rentabilidade de cada a\u00e7\u00e3o desencadeada pelo empreendimento.<\/p>\n<p>Portanto, utilizando a gest\u00e3o estrat\u00e9gica conseguimos promover a melhoria cont\u00ednua do neg\u00f3cio, al\u00e9m de garantir a sobreviv\u00eancia da empresa ao longo do tempo.<\/p>\n<p>&nbsp;<\/p>\n<p><strong>O que \u00e9 o planeamento estrat\u00e9gico?<\/strong><\/p>\n<p>De forma resumida, o planeamento estrat\u00e9gico trata-se de estabelecer metas, os principais objetivos da empresa e os planos de a\u00e7\u00e3o para alcan\u00e7\u00e1-los. &nbsp;<\/p>\n<p><strong>Qual \u00e9 a diferen\u00e7a entre o planeamento estrat\u00e9gico e a gest\u00e3o estrat\u00e9gica?<\/strong><\/p>\n<p>O pilar do planeamento estrat\u00e9gico \u00e9 a gest\u00e3o estrat\u00e9gica. Ou seja, trabalha com a consolida\u00e7\u00e3o das ideias que s\u00e3o tra\u00e7adas na gest\u00e3o estrat\u00e9gica.<\/p>\n<p>Para funcionar, \u00e9 necess\u00e1rio que haja um alinhamento entre os valores, miss\u00e3o e vis\u00e3o de empresa, entre todos os membros da equipa.<\/p>\n<p><strong>Conclus\u00e3o <\/strong><\/p>\n<p>Quando bem feita, a gest\u00e3o estrat\u00e9gica nos neg\u00f3cios \u00e9 capaz de transformar as metas de neg\u00f3cios em valores reais e permitem o cumprimento de todas as metas que movem a empresa aos lucros, competitividade e a perman\u00eancia no mercado.<\/p>\n<p>Quer destacar-se no segmento do mercado no qual a sua empresa est\u00e1 inserida, chegando ao sucesso? N\u00f3s ajudamos!<\/p>\n<p><a class=\"fasc-button fasc-size-medium fasc-type-flat\" style=\"background-color: #33809e; color: #ffffff;\" href=\"https:\/\/academiazonaverde.pt\/curso\/gestao-estrategica-criacao-de-valor-e-sucesso-empresarial\/\">CLIQUE AQUI<\/a><\/p>\n","protected":false},"excerpt":{"rendered":"<p>O mercado est\u00e1 cada vez mais competitivo e todos os dias nos deparamos com novas barreiras, desafios e concorrentes. Por isso mesmo \u00e9 necess\u00e1rio que se saiba lidar com as adversidades e mudan\u00e7as e \u00e9 importante que haja gestores que saibam destacar as empresas atrav\u00e9s de boas estrat\u00e9gias. Atrav\u00e9s da gest\u00e3o estrat\u00e9gica, o neg\u00f3cio vai<\/p>\n","protected":false},"author":17,"featured_media":17149,"comment_status":"open","ping_status":"open","sticky":false,"template":"","format":"standard","meta":{"_acf_changed":false,"footnotes":""},"categories":[543,1971],"tags":[],"class_list":["post-17148","post","type-post","status-publish","format-standard","has-post-thumbnail","hentry","category-academia","category-zonaverde-2","prodpage-classic"],"acf":[],"yoast_head":"<!-- This site is optimized with the Yoast SEO Premium plugin v27.0 (Yoast SEO v27.0) - https:\/\/yoast.com\/product\/yoast-seo-premium-wordpress\/ -->\n<title>Qual \u00e9 a import\u00e2ncia da gest\u00e3o estrat\u00e9gica? | ZONAVERDE<\/title>\n<meta name=\"description\" content=\"Saber lidar com as adversidades \u00e9 importante. Atrav\u00e9s da gest\u00e3o estrat\u00e9gica, o neg\u00f3cio vai ter uma boa sa\u00fade financeira.\" \/>\n<meta name=\"robots\" content=\"index, follow, max-snippet:-1, max-image-preview:large, max-video-preview:-1\" \/>\n<link rel=\"canonical\" href=\"https:\/\/zonaverde.pt\/site\/qual-e-a-importancia-da-gestao-estrategica\/\" \/>\n<meta property=\"og:locale\" content=\"pt_PT\" \/>\n<meta property=\"og:type\" content=\"article\" \/>\n<meta property=\"og:title\" content=\"Qual \u00e9 a import\u00e2ncia da gest\u00e3o estrat\u00e9gica?\" \/>\n<meta property=\"og:description\" content=\"Saber lidar com as adversidades \u00e9 importante. Atrav\u00e9s da gest\u00e3o estrat\u00e9gica, o neg\u00f3cio vai ter uma boa sa\u00fade financeira.\" \/>\n<meta property=\"og:url\" content=\"https:\/\/zonaverde.pt\/site\/qual-e-a-importancia-da-gestao-estrategica\/\" \/>\n<meta property=\"og:site_name\" content=\"ZONAVERDE | Forma\u00e7\u00e3o e Consultoria\" \/>\n<meta property=\"article:publisher\" content=\"https:\/\/www.facebook.com\/zonaverdept\/\" \/>\n<meta property=\"article:published_time\" content=\"2022-09-19T09:15:31+00:00\" \/>\n<meta property=\"og:image\" content=\"https:\/\/zonaverde.pt\/site\/wp-content\/uploads\/1-5.png\" \/>\n\t<meta property=\"og:image:width\" content=\"770\" \/>\n\t<meta property=\"og:image:height\" content=\"400\" \/>\n\t<meta property=\"og:image:type\" content=\"image\/png\" \/>\n<meta name=\"author\" content=\"admin\" \/>\n<meta name=\"twitter:card\" content=\"summary_large_image\" \/>\n<meta name=\"twitter:label1\" content=\"Escrito por\" \/>\n\t<meta name=\"twitter:data1\" content=\"admin\" \/>\n\t<meta name=\"twitter:label2\" content=\"Tempo estimado de leitura\" \/>\n\t<meta name=\"twitter:data2\" content=\"4 minutos\" \/>\n<script type=\"application\/ld+json\" class=\"yoast-schema-graph\">{\"@context\":\"https:\/\/schema.org\",\"@graph\":[{\"@type\":\"Article\",\"@id\":\"https:\/\/zonaverde.pt\/site\/qual-e-a-importancia-da-gestao-estrategica\/#article\",\"isPartOf\":{\"@id\":\"https:\/\/zonaverde.pt\/site\/qual-e-a-importancia-da-gestao-estrategica\/\"},\"author\":{\"name\":\"admin\",\"@id\":\"https:\/\/zonaverde.pt\/site\/#\/schema\/person\/99b81fa8fe6788bcf872d613af0e69bc\"},\"headline\":\"Qual \u00e9 a import\u00e2ncia da gest\u00e3o estrat\u00e9gica?\",\"datePublished\":\"2022-09-19T09:15:31+00:00\",\"mainEntityOfPage\":{\"@id\":\"https:\/\/zonaverde.pt\/site\/qual-e-a-importancia-da-gestao-estrategica\/\"},\"wordCount\":685,\"commentCount\":0,\"publisher\":{\"@id\":\"https:\/\/zonaverde.pt\/site\/#organization\"},\"image\":{\"@id\":\"https:\/\/zonaverde.pt\/site\/qual-e-a-importancia-da-gestao-estrategica\/#primaryimage\"},\"thumbnailUrl\":\"https:\/\/zonaverde.pt\/site\/wp-content\/uploads\/1-5.png\",\"articleSection\":[\"Academia\",\"ZONAVERDE\"],\"inLanguage\":\"pt-PT\",\"potentialAction\":[{\"@type\":\"CommentAction\",\"name\":\"Comment\",\"target\":[\"https:\/\/zonaverde.pt\/site\/qual-e-a-importancia-da-gestao-estrategica\/#respond\"]}]},{\"@type\":\"WebPage\",\"@id\":\"https:\/\/zonaverde.pt\/site\/qual-e-a-importancia-da-gestao-estrategica\/\",\"url\":\"https:\/\/zonaverde.pt\/site\/qual-e-a-importancia-da-gestao-estrategica\/\",\"name\":\"Qual \u00e9 a import\u00e2ncia da gest\u00e3o estrat\u00e9gica? | ZONAVERDE\",\"isPartOf\":{\"@id\":\"https:\/\/zonaverde.pt\/site\/#website\"},\"primaryImageOfPage\":{\"@id\":\"https:\/\/zonaverde.pt\/site\/qual-e-a-importancia-da-gestao-estrategica\/#primaryimage\"},\"image\":{\"@id\":\"https:\/\/zonaverde.pt\/site\/qual-e-a-importancia-da-gestao-estrategica\/#primaryimage\"},\"thumbnailUrl\":\"https:\/\/zonaverde.pt\/site\/wp-content\/uploads\/1-5.png\",\"datePublished\":\"2022-09-19T09:15:31+00:00\",\"description\":\"Saber lidar com as adversidades \u00e9 importante. Atrav\u00e9s da gest\u00e3o estrat\u00e9gica, o neg\u00f3cio vai ter uma boa sa\u00fade financeira.\",\"breadcrumb\":{\"@id\":\"https:\/\/zonaverde.pt\/site\/qual-e-a-importancia-da-gestao-estrategica\/#breadcrumb\"},\"inLanguage\":\"pt-PT\",\"potentialAction\":[{\"@type\":\"ReadAction\",\"target\":[\"https:\/\/zonaverde.pt\/site\/qual-e-a-importancia-da-gestao-estrategica\/\"]}]},{\"@type\":\"ImageObject\",\"inLanguage\":\"pt-PT\",\"@id\":\"https:\/\/zonaverde.pt\/site\/qual-e-a-importancia-da-gestao-estrategica\/#primaryimage\",\"url\":\"https:\/\/zonaverde.pt\/site\/wp-content\/uploads\/1-5.png\",\"contentUrl\":\"https:\/\/zonaverde.pt\/site\/wp-content\/uploads\/1-5.png\",\"width\":770,\"height\":400,\"caption\":\"Saber lidar com as adversidades \u00e9 importante. Atrav\u00e9s da gest\u00e3o estrat\u00e9gica, o neg\u00f3cio vai ter uma boa sa\u00fade financeira.\"},{\"@type\":\"BreadcrumbList\",\"@id\":\"https:\/\/zonaverde.pt\/site\/qual-e-a-importancia-da-gestao-estrategica\/#breadcrumb\",\"itemListElement\":[{\"@type\":\"ListItem\",\"position\":1,\"name\":\"In\u00edcio\",\"item\":\"https:\/\/zonaverde.pt\/site\/\"},{\"@type\":\"ListItem\",\"position\":2,\"name\":\"Qual \u00e9 a import\u00e2ncia da gest\u00e3o estrat\u00e9gica?\"}]},{\"@type\":\"WebSite\",\"@id\":\"https:\/\/zonaverde.pt\/site\/#website\",\"url\":\"https:\/\/zonaverde.pt\/site\/\",\"name\":\"ZONAVERDE | Forma\u00e7\u00e3o e Consultoria\",\"description\":\"ZONAVERDE empresa de Forma\u00e7\u00e3o para particulares e \u00e0 medida para empresas (Presencial e e-Learning) e Consultoria no apoio \u00e0s PME&#039;s.\",\"publisher\":{\"@id\":\"https:\/\/zonaverde.pt\/site\/#organization\"},\"potentialAction\":[{\"@type\":\"SearchAction\",\"target\":{\"@type\":\"EntryPoint\",\"urlTemplate\":\"https:\/\/zonaverde.pt\/site\/?s={search_term_string}\"},\"query-input\":{\"@type\":\"PropertyValueSpecification\",\"valueRequired\":true,\"valueName\":\"search_term_string\"}}],\"inLanguage\":\"pt-PT\"},{\"@type\":\"Organization\",\"@id\":\"https:\/\/zonaverde.pt\/site\/#organization\",\"name\":\"ZONAVERDE | Forma\u00e7\u00e3o e Consultoria\",\"url\":\"https:\/\/zonaverde.pt\/site\/\",\"logo\":{\"@type\":\"ImageObject\",\"inLanguage\":\"pt-PT\",\"@id\":\"https:\/\/zonaverde.pt\/site\/#\/schema\/logo\/image\/\",\"url\":\"https:\/\/zonaverde.pt\/site\/wp-content\/uploads\/2019\/04\/logotipo-zonaverde.png\",\"contentUrl\":\"https:\/\/zonaverde.pt\/site\/wp-content\/uploads\/2019\/04\/logotipo-zonaverde.png\",\"width\":165,\"height\":55,\"caption\":\"ZONAVERDE | Forma\u00e7\u00e3o e Consultoria\"},\"image\":{\"@id\":\"https:\/\/zonaverde.pt\/site\/#\/schema\/logo\/image\/\"},\"sameAs\":[\"https:\/\/www.facebook.com\/zonaverdept\/\",\"https:\/\/www.instagram.com\/zonaverdept\/\",\"https:\/\/linkedin.com\/company\/zonaverdept\",\"https:\/\/www.youtube.com\/user\/ZonaVerdeCEA\"]},{\"@type\":\"Person\",\"@id\":\"https:\/\/zonaverde.pt\/site\/#\/schema\/person\/99b81fa8fe6788bcf872d613af0e69bc\",\"name\":\"admin\",\"image\":{\"@type\":\"ImageObject\",\"inLanguage\":\"pt-PT\",\"@id\":\"https:\/\/zonaverde.pt\/site\/#\/schema\/person\/image\/\",\"url\":\"https:\/\/secure.gravatar.com\/avatar\/87b23d7fb2c196706a5689981a72c8199a9eb504b36feaf8204a3336a822ec0f?s=96&d=mm&r=g\",\"contentUrl\":\"https:\/\/secure.gravatar.com\/avatar\/87b23d7fb2c196706a5689981a72c8199a9eb504b36feaf8204a3336a822ec0f?s=96&d=mm&r=g\",\"caption\":\"admin\"}}]}<\/script>\n<!-- \/ Yoast SEO Premium plugin. -->","yoast_head_json":{"title":"Qual \u00e9 a import\u00e2ncia da gest\u00e3o estrat\u00e9gica? | ZONAVERDE","description":"Saber lidar com as adversidades \u00e9 importante. Atrav\u00e9s da gest\u00e3o estrat\u00e9gica, o neg\u00f3cio vai ter uma boa sa\u00fade financeira.","robots":{"index":"index","follow":"follow","max-snippet":"max-snippet:-1","max-image-preview":"max-image-preview:large","max-video-preview":"max-video-preview:-1"},"canonical":"https:\/\/zonaverde.pt\/site\/qual-e-a-importancia-da-gestao-estrategica\/","og_locale":"pt_PT","og_type":"article","og_title":"Qual \u00e9 a import\u00e2ncia da gest\u00e3o estrat\u00e9gica?","og_description":"Saber lidar com as adversidades \u00e9 importante. Atrav\u00e9s da gest\u00e3o estrat\u00e9gica, o neg\u00f3cio vai ter uma boa sa\u00fade financeira.","og_url":"https:\/\/zonaverde.pt\/site\/qual-e-a-importancia-da-gestao-estrategica\/","og_site_name":"ZONAVERDE | Forma\u00e7\u00e3o e Consultoria","article_publisher":"https:\/\/www.facebook.com\/zonaverdept\/","article_published_time":"2022-09-19T09:15:31+00:00","og_image":[{"width":770,"height":400,"url":"https:\/\/zonaverde.pt\/site\/wp-content\/uploads\/1-5.png","type":"image\/png"}],"author":"admin","twitter_card":"summary_large_image","twitter_misc":{"Escrito por":"admin","Tempo estimado de leitura":"4 minutos"},"schema":{"@context":"https:\/\/schema.org","@graph":[{"@type":"Article","@id":"https:\/\/zonaverde.pt\/site\/qual-e-a-importancia-da-gestao-estrategica\/#article","isPartOf":{"@id":"https:\/\/zonaverde.pt\/site\/qual-e-a-importancia-da-gestao-estrategica\/"},"author":{"name":"admin","@id":"https:\/\/zonaverde.pt\/site\/#\/schema\/person\/99b81fa8fe6788bcf872d613af0e69bc"},"headline":"Qual \u00e9 a import\u00e2ncia da gest\u00e3o estrat\u00e9gica?","datePublished":"2022-09-19T09:15:31+00:00","mainEntityOfPage":{"@id":"https:\/\/zonaverde.pt\/site\/qual-e-a-importancia-da-gestao-estrategica\/"},"wordCount":685,"commentCount":0,"publisher":{"@id":"https:\/\/zonaverde.pt\/site\/#organization"},"image":{"@id":"https:\/\/zonaverde.pt\/site\/qual-e-a-importancia-da-gestao-estrategica\/#primaryimage"},"thumbnailUrl":"https:\/\/zonaverde.pt\/site\/wp-content\/uploads\/1-5.png","articleSection":["Academia","ZONAVERDE"],"inLanguage":"pt-PT","potentialAction":[{"@type":"CommentAction","name":"Comment","target":["https:\/\/zonaverde.pt\/site\/qual-e-a-importancia-da-gestao-estrategica\/#respond"]}]},{"@type":"WebPage","@id":"https:\/\/zonaverde.pt\/site\/qual-e-a-importancia-da-gestao-estrategica\/","url":"https:\/\/zonaverde.pt\/site\/qual-e-a-importancia-da-gestao-estrategica\/","name":"Qual \u00e9 a import\u00e2ncia da gest\u00e3o estrat\u00e9gica? | ZONAVERDE","isPartOf":{"@id":"https:\/\/zonaverde.pt\/site\/#website"},"primaryImageOfPage":{"@id":"https:\/\/zonaverde.pt\/site\/qual-e-a-importancia-da-gestao-estrategica\/#primaryimage"},"image":{"@id":"https:\/\/zonaverde.pt\/site\/qual-e-a-importancia-da-gestao-estrategica\/#primaryimage"},"thumbnailUrl":"https:\/\/zonaverde.pt\/site\/wp-content\/uploads\/1-5.png","datePublished":"2022-09-19T09:15:31+00:00","description":"Saber lidar com as adversidades \u00e9 importante. Atrav\u00e9s da gest\u00e3o estrat\u00e9gica, o neg\u00f3cio vai ter uma boa sa\u00fade financeira.","breadcrumb":{"@id":"https:\/\/zonaverde.pt\/site\/qual-e-a-importancia-da-gestao-estrategica\/#breadcrumb"},"inLanguage":"pt-PT","potentialAction":[{"@type":"ReadAction","target":["https:\/\/zonaverde.pt\/site\/qual-e-a-importancia-da-gestao-estrategica\/"]}]},{"@type":"ImageObject","inLanguage":"pt-PT","@id":"https:\/\/zonaverde.pt\/site\/qual-e-a-importancia-da-gestao-estrategica\/#primaryimage","url":"https:\/\/zonaverde.pt\/site\/wp-content\/uploads\/1-5.png","contentUrl":"https:\/\/zonaverde.pt\/site\/wp-content\/uploads\/1-5.png","width":770,"height":400,"caption":"Saber lidar com as adversidades \u00e9 importante. Atrav\u00e9s da gest\u00e3o estrat\u00e9gica, o neg\u00f3cio vai ter uma boa sa\u00fade financeira."},{"@type":"BreadcrumbList","@id":"https:\/\/zonaverde.pt\/site\/qual-e-a-importancia-da-gestao-estrategica\/#breadcrumb","itemListElement":[{"@type":"ListItem","position":1,"name":"In\u00edcio","item":"https:\/\/zonaverde.pt\/site\/"},{"@type":"ListItem","position":2,"name":"Qual \u00e9 a import\u00e2ncia da gest\u00e3o estrat\u00e9gica?"}]},{"@type":"WebSite","@id":"https:\/\/zonaverde.pt\/site\/#website","url":"https:\/\/zonaverde.pt\/site\/","name":"ZONAVERDE | Forma\u00e7\u00e3o e Consultoria","description":"ZONAVERDE empresa de Forma\u00e7\u00e3o para particulares e \u00e0 medida para empresas (Presencial e e-Learning) e Consultoria no apoio \u00e0s PME&#039;s.","publisher":{"@id":"https:\/\/zonaverde.pt\/site\/#organization"},"potentialAction":[{"@type":"SearchAction","target":{"@type":"EntryPoint","urlTemplate":"https:\/\/zonaverde.pt\/site\/?s={search_term_string}"},"query-input":{"@type":"PropertyValueSpecification","valueRequired":true,"valueName":"search_term_string"}}],"inLanguage":"pt-PT"},{"@type":"Organization","@id":"https:\/\/zonaverde.pt\/site\/#organization","name":"ZONAVERDE | Forma\u00e7\u00e3o e Consultoria","url":"https:\/\/zonaverde.pt\/site\/","logo":{"@type":"ImageObject","inLanguage":"pt-PT","@id":"https:\/\/zonaverde.pt\/site\/#\/schema\/logo\/image\/","url":"https:\/\/zonaverde.pt\/site\/wp-content\/uploads\/2019\/04\/logotipo-zonaverde.png","contentUrl":"https:\/\/zonaverde.pt\/site\/wp-content\/uploads\/2019\/04\/logotipo-zonaverde.png","width":165,"height":55,"caption":"ZONAVERDE | Forma\u00e7\u00e3o e Consultoria"},"image":{"@id":"https:\/\/zonaverde.pt\/site\/#\/schema\/logo\/image\/"},"sameAs":["https:\/\/www.facebook.com\/zonaverdept\/","https:\/\/www.instagram.com\/zonaverdept\/","https:\/\/linkedin.com\/company\/zonaverdept","https:\/\/www.youtube.com\/user\/ZonaVerdeCEA"]},{"@type":"Person","@id":"https:\/\/zonaverde.pt\/site\/#\/schema\/person\/99b81fa8fe6788bcf872d613af0e69bc","name":"admin","image":{"@type":"ImageObject","inLanguage":"pt-PT","@id":"https:\/\/zonaverde.pt\/site\/#\/schema\/person\/image\/","url":"https:\/\/secure.gravatar.com\/avatar\/87b23d7fb2c196706a5689981a72c8199a9eb504b36feaf8204a3336a822ec0f?s=96&d=mm&r=g","contentUrl":"https:\/\/secure.gravatar.com\/avatar\/87b23d7fb2c196706a5689981a72c8199a9eb504b36feaf8204a3336a822ec0f?s=96&d=mm&r=g","caption":"admin"}}]}},"_links":{"self":[{"href":"https:\/\/zonaverde.pt\/site\/wp-json\/wp\/v2\/posts\/17148","targetHints":{"allow":["GET"]}}],"collection":[{"href":"https:\/\/zonaverde.pt\/site\/wp-json\/wp\/v2\/posts"}],"about":[{"href":"https:\/\/zonaverde.pt\/site\/wp-json\/wp\/v2\/types\/post"}],"author":[{"embeddable":true,"href":"https:\/\/zonaverde.pt\/site\/wp-json\/wp\/v2\/users\/17"}],"replies":[{"embeddable":true,"href":"https:\/\/zonaverde.pt\/site\/wp-json\/wp\/v2\/comments?post=17148"}],"version-history":[{"count":3,"href":"https:\/\/zonaverde.pt\/site\/wp-json\/wp\/v2\/posts\/17148\/revisions"}],"predecessor-version":[{"id":17168,"href":"https:\/\/zonaverde.pt\/site\/wp-json\/wp\/v2\/posts\/17148\/revisions\/17168"}],"wp:featuredmedia":[{"embeddable":true,"href":"https:\/\/zonaverde.pt\/site\/wp-json\/wp\/v2\/media\/17149"}],"wp:attachment":[{"href":"https:\/\/zonaverde.pt\/site\/wp-json\/wp\/v2\/media?parent=17148"}],"wp:term":[{"taxonomy":"category","embeddable":true,"href":"https:\/\/zonaverde.pt\/site\/wp-json\/wp\/v2\/categories?post=17148"},{"taxonomy":"post_tag","embeddable":true,"href":"https:\/\/zonaverde.pt\/site\/wp-json\/wp\/v2\/tags?post=17148"}],"curies":[{"name":"wp","href":"https:\/\/api.w.org\/{rel}","templated":true}]}}