{"id":67166,"date":"2025-03-03T15:09:57","date_gmt":"2025-03-03T15:09:57","guid":{"rendered":"https:\/\/zonaverde.pt\/?p=67166"},"modified":"2025-06-11T18:28:38","modified_gmt":"2025-06-11T17:28:38","slug":"vantagens-da-formacao-assincrona-para-as-empresas","status":"publish","type":"post","link":"https:\/\/zonaverde.pt\/site\/vantagens-da-formacao-assincrona-para-as-empresas\/","title":{"rendered":"Vantagens da Forma\u00e7\u00e3o Ass\u00edncrona para as Empresas"},"content":{"rendered":"<h3>Vantagens da Forma\u00e7\u00e3o Ass\u00edncrona para as Empresas<\/h3>\n<p data-start=\"161\" data-end=\"532\">Nos dias de hoje, a forma\u00e7\u00e3o cont\u00ednua impulsiona o crescimento e o sucesso das empresas. \u00c0 medida que a tecnologia evolui e as necessidades do mercado mudam, as organiza\u00e7\u00f5es procuram modalidades de forma\u00e7\u00e3o cada vez mais flex\u00edveis e acess\u00edveis. Entre elas, a forma\u00e7\u00e3o ass\u00edncrona destaca-se, gra\u00e7as aos benef\u00edcios que oferece tanto \u00e0s empresas como aos seus colaboradores.<\/p>\n<p data-start=\"534\" data-end=\"703\">Neste artigo, apresentamos as principais vantagens da forma\u00e7\u00e3o ass\u00edncrona e explicamos como ela contribui para melhorar a produtividade e o desenvolvimento profissional.<\/p>\n<h3 data-start=\"705\" data-end=\"745\">Oferece flexibilidade na aprendizagem<\/h3>\n<p data-start=\"747\" data-end=\"1165\">A forma\u00e7\u00e3o ass\u00edncrona d\u00e1 aos colaboradores liberdade para aprenderem no seu pr\u00f3prio ritmo. Ao contr\u00e1rio da forma\u00e7\u00e3o s\u00edncrona, que exige que todos os participantes estejam online em simult\u00e2neo, a forma\u00e7\u00e3o ass\u00edncrona permite aceder aos materiais de aprendizagem a qualquer momento. Esta flexibilidade beneficia, sobretudo, empresas com hor\u00e1rios de trabalho variados ou equipas distribu\u00eddas por diferentes fusos hor\u00e1rios.<\/p>\n<p data-start=\"1167\" data-end=\"1428\">Os colaboradores gerem os seus tempos de estudo de acordo com as suas responsabilidades profissionais, o que promove um ambiente de aprendizagem mais confort\u00e1vel e produtivo. Como resultado, reduzem o stress e aumentam o seu n\u00edvel de compromisso com a forma\u00e7\u00e3o.<\/p>\n<h3 data-start=\"1430\" data-end=\"1458\">Reduz custos operacionais<\/h3>\n<p data-start=\"1460\" data-end=\"1740\">Ao optar pela forma\u00e7\u00e3o ass\u00edncrona, as empresas reduzem significativamente os custos associados \u00e0 forma\u00e7\u00e3o. Em compara\u00e7\u00e3o com cursos presenciais ou s\u00edncronos, a forma\u00e7\u00e3o ass\u00edncrona elimina despesas com desloca\u00e7\u00f5es, aluguer de salas e contrata\u00e7\u00e3o de formadores para sess\u00f5es ao vivo.<\/p>\n<p data-start=\"1742\" data-end=\"1985\">Al\u00e9m disso, as empresas economizam em materiais de aprendizagem. Plataformas digitais disponibilizam conte\u00fados reutiliz\u00e1veis \u2014 como v\u00eddeos, podcasts e guias digitais \u2014 que eliminam a necessidade de impress\u00f5es e reduzem os custos a longo prazo.<\/p>\n<h3 data-start=\"1987\" data-end=\"2027\">Promove a acessibilidade e a inclus\u00e3o<\/h3>\n<p data-start=\"2029\" data-end=\"2272\">A forma\u00e7\u00e3o ass\u00edncrona garante acesso igualit\u00e1rio aos conte\u00fados de aprendizagem, independentemente da localiza\u00e7\u00e3o ou situa\u00e7\u00e3o dos colaboradores. Este modelo beneficia, em especial, empresas com equipas distribu\u00eddas por v\u00e1rias regi\u00f5es ou pa\u00edses.<\/p>\n<p data-start=\"2274\" data-end=\"2550\">Al\u00e9m disso, a forma\u00e7\u00e3o ass\u00edncrona adapta-se a diferentes estilos de aprendizagem. Alguns colaboradores preferem ler, enquanto outros assimilam melhor a informa\u00e7\u00e3o atrav\u00e9s de v\u00eddeos ou \u00e1udios. Assim, a forma\u00e7\u00e3o torna-se mais inclusiva e eficaz para uma audi\u00eancia diversificada.<\/p>\n<h3 data-start=\"2552\" data-end=\"2589\">Melhora a reten\u00e7\u00e3o de conhecimento<\/h3>\n<p data-start=\"2591\" data-end=\"2847\">Quando os colaboradores acedem ao conte\u00fado no seu pr\u00f3prio ritmo, ret\u00eam melhor o conhecimento. A forma\u00e7\u00e3o ass\u00edncrona permite-lhes digerir a informa\u00e7\u00e3o de forma gradual, revisar conte\u00fados sempre que necess\u00e1rio e realizar atividades pr\u00e1ticas entre as sess\u00f5es.<\/p>\n<p data-start=\"2849\" data-end=\"3000\">Al\u00e9m disso, muitas plataformas incluem quizzes e f\u00f3runs de discuss\u00e3o que ajudam os colaboradores a consolidar o conhecimento e refor\u00e7ar a aprendizagem.<\/p>\n<h3 data-start=\"3002\" data-end=\"3049\">Facilita a escalabilidade e a personaliza\u00e7\u00e3o<\/h3>\n<p data-start=\"3051\" data-end=\"3259\">A forma\u00e7\u00e3o ass\u00edncrona facilita a expans\u00e3o do processo formativo. As empresas disponibilizam os mesmos materiais de aprendizagem a um n\u00famero ilimitado de colaboradores, sem aumentar substancialmente os custos.<\/p>\n<p data-start=\"3261\" data-end=\"3493\">Adicionalmente, as empresas personalizam facilmente os cursos de acordo com as necessidades espec\u00edficas de cada colaborador ou departamento. Esta abordagem torna a forma\u00e7\u00e3o mais relevante e alinhada com os objetivos organizacionais.<\/p>\n<h3 data-start=\"3495\" data-end=\"3546\">Estimula a autonomia e o desenvolvimento pessoal<\/h3>\n<p data-start=\"3548\" data-end=\"3716\">A forma\u00e7\u00e3o ass\u00edncrona incentiva os colaboradores a assumir o controlo da sua aprendizagem. Esta autonomia aumenta a motiva\u00e7\u00e3o e o envolvimento com o processo formativo.<\/p>\n<p data-start=\"3718\" data-end=\"3967\">Al\u00e9m disso, os colaboradores desenvolvem compet\u00eancias autodidatas e de gest\u00e3o do tempo \u2014 habilidades cada vez mais valorizadas no ambiente de trabalho atual. Ao escolherem quando e como estudar, refor\u00e7am o seu desenvolvimento pessoal e profissional.<\/p>\n<h3 data-start=\"3969\" data-end=\"4012\">Minimiza o impacto nas opera\u00e7\u00f5es di\u00e1rias<\/h3>\n<p data-start=\"4014\" data-end=\"4272\">A forma\u00e7\u00e3o ass\u00edncrona permite que os colaboradores continuem a desempenhar as suas fun\u00e7\u00f5es enquanto aprendem. Ao contr\u00e1rio da forma\u00e7\u00e3o presencial ou s\u00edncrona, que exige interrup\u00e7\u00f5es no trabalho, a forma\u00e7\u00e3o ass\u00edncrona adapta-se ao ritmo das opera\u00e7\u00f5es di\u00e1rias.<\/p>\n<p data-start=\"4274\" data-end=\"4405\">Dessa forma, os colaboradores completam a forma\u00e7\u00e3o durante per\u00edodos de menor atividade, sem comprometer a produtividade da empresa.<\/p>\n<h2 data-start=\"4407\" data-end=\"4419\">Conclus\u00e3o<\/h2>\n<p data-start=\"4421\" data-end=\"4683\">A forma\u00e7\u00e3o ass\u00edncrona oferece uma solu\u00e7\u00e3o eficaz e vantajosa para as empresas que apostam na aprendizagem cont\u00ednua. A flexibilidade, redu\u00e7\u00e3o de custos, maior acessibilidade e possibilidade de personaliza\u00e7\u00e3o tornam este modelo ideal para as organiza\u00e7\u00f5es modernas.<\/p>\n<p data-start=\"4685\" data-end=\"5008\">Ao implementarem estrat\u00e9gias de forma\u00e7\u00e3o ass\u00edncrona, as empresas qualificam os seus colaboradores, aumentam a produtividade e promovem um ambiente de trabalho mais din\u00e2mico e competitivo. Assim, conseguem desenvolver talentos de forma eficiente, sem abdicar da flexibilidade nem do equil\u00edbrio entre trabalho e aprendizagem.<\/p>\n<p>&nbsp;<\/p>\n<p>Conhe\u00e7a os cursos dispon\u00edveis <a href=\"https:\/\/academiazonaverde.pt\/\">aqui<\/a><\/p>\n","protected":false},"excerpt":{"rendered":"<p>Vantagens da Forma\u00e7\u00e3o Ass\u00edncrona para as Empresas Nos dias de hoje, a forma\u00e7\u00e3o cont\u00ednua impulsiona o crescimento e o sucesso das empresas. \u00c0 medida que a tecnologia evolui e as necessidades do mercado mudam, as organiza\u00e7\u00f5es procuram modalidades de forma\u00e7\u00e3o cada vez mais flex\u00edveis e acess\u00edveis. Entre elas, a forma\u00e7\u00e3o ass\u00edncrona destaca-se, gra\u00e7as aos benef\u00edcios<\/p>\n","protected":false},"author":7,"featured_media":67167,"comment_status":"open","ping_status":"open","sticky":false,"template":"","format":"standard","meta":{"_acf_changed":false,"footnotes":""},"categories":[539],"tags":[],"class_list":["post-67166","post","type-post","status-publish","format-standard","has-post-thumbnail","hentry","category-zonaverde","prodpage-classic"],"acf":[],"yoast_head":"<!-- This site is optimized with the Yoast SEO Premium plugin v27.0 (Yoast SEO v27.0) - https:\/\/yoast.com\/product\/yoast-seo-premium-wordpress\/ -->\n<title>Forma\u00e7\u00e3o ass\u00edncrona para as empresas<\/title>\n<meta name=\"description\" content=\"A forma\u00e7\u00e3o ass\u00edncrona \u00e9 uma dessas modalidades que tem vindo a ganhar destaque, principalmente devido aos benef\u00edcios que oferece tanto \u00e0s empresas quanto aos seus colaboradores.\" \/>\n<meta name=\"robots\" content=\"index, follow, max-snippet:-1, max-image-preview:large, max-video-preview:-1\" \/>\n<link rel=\"canonical\" href=\"https:\/\/zonaverde.pt\/site\/vantagens-da-formacao-assincrona-para-as-empresas\/\" \/>\n<meta property=\"og:locale\" content=\"pt_PT\" \/>\n<meta property=\"og:type\" content=\"article\" \/>\n<meta property=\"og:title\" content=\"Vantagens da Forma\u00e7\u00e3o Ass\u00edncrona para as Empresas\" \/>\n<meta property=\"og:description\" content=\"A forma\u00e7\u00e3o ass\u00edncrona \u00e9 uma dessas modalidades que tem vindo a ganhar destaque, principalmente devido aos benef\u00edcios que oferece tanto \u00e0s empresas quanto aos seus colaboradores.\" \/>\n<meta property=\"og:url\" content=\"https:\/\/zonaverde.pt\/site\/vantagens-da-formacao-assincrona-para-as-empresas\/\" \/>\n<meta property=\"og:site_name\" content=\"ZONAVERDE | Forma\u00e7\u00e3o e Consultoria\" \/>\n<meta property=\"article:publisher\" content=\"https:\/\/www.facebook.com\/zonaverdept\/\" \/>\n<meta property=\"article:published_time\" content=\"2025-03-03T15:09:57+00:00\" \/>\n<meta property=\"article:modified_time\" content=\"2025-06-11T17:28:38+00:00\" \/>\n<meta property=\"og:image\" content=\"https:\/\/zonaverde.pt\/site\/wp-content\/uploads\/formacao-assincrona.png\" \/>\n\t<meta property=\"og:image:width\" content=\"480\" \/>\n\t<meta property=\"og:image:height\" content=\"350\" \/>\n\t<meta property=\"og:image:type\" content=\"image\/png\" \/>\n<meta name=\"author\" content=\"Marketing | ZONAVERDE\" \/>\n<meta name=\"twitter:card\" content=\"summary_large_image\" \/>\n<meta name=\"twitter:label1\" content=\"Escrito por\" \/>\n\t<meta name=\"twitter:data1\" content=\"Marketing | ZONAVERDE\" \/>\n\t<meta name=\"twitter:label2\" content=\"Tempo estimado de leitura\" \/>\n\t<meta name=\"twitter:data2\" content=\"4 minutos\" \/>\n<script type=\"application\/ld+json\" class=\"yoast-schema-graph\">{\"@context\":\"https:\/\/schema.org\",\"@graph\":[{\"@type\":\"Article\",\"@id\":\"https:\/\/zonaverde.pt\/site\/vantagens-da-formacao-assincrona-para-as-empresas\/#article\",\"isPartOf\":{\"@id\":\"https:\/\/zonaverde.pt\/site\/vantagens-da-formacao-assincrona-para-as-empresas\/\"},\"author\":{\"name\":\"Marketing | ZONAVERDE\",\"@id\":\"https:\/\/zonaverde.pt\/site\/#\/schema\/person\/74f81111dcc86a759027a398f1d431d4\"},\"headline\":\"Vantagens da Forma\u00e7\u00e3o Ass\u00edncrona para as Empresas\",\"datePublished\":\"2025-03-03T15:09:57+00:00\",\"dateModified\":\"2025-06-11T17:28:38+00:00\",\"mainEntityOfPage\":{\"@id\":\"https:\/\/zonaverde.pt\/site\/vantagens-da-formacao-assincrona-para-as-empresas\/\"},\"wordCount\":808,\"commentCount\":0,\"publisher\":{\"@id\":\"https:\/\/zonaverde.pt\/site\/#organization\"},\"image\":{\"@id\":\"https:\/\/zonaverde.pt\/site\/vantagens-da-formacao-assincrona-para-as-empresas\/#primaryimage\"},\"thumbnailUrl\":\"https:\/\/zonaverde.pt\/site\/wp-content\/uploads\/formacao-assincrona.png\",\"articleSection\":[\"ZONAVERDE\"],\"inLanguage\":\"pt-PT\",\"potentialAction\":[{\"@type\":\"CommentAction\",\"name\":\"Comment\",\"target\":[\"https:\/\/zonaverde.pt\/site\/vantagens-da-formacao-assincrona-para-as-empresas\/#respond\"]}]},{\"@type\":\"WebPage\",\"@id\":\"https:\/\/zonaverde.pt\/site\/vantagens-da-formacao-assincrona-para-as-empresas\/\",\"url\":\"https:\/\/zonaverde.pt\/site\/vantagens-da-formacao-assincrona-para-as-empresas\/\",\"name\":\"Forma\u00e7\u00e3o ass\u00edncrona para as empresas\",\"isPartOf\":{\"@id\":\"https:\/\/zonaverde.pt\/site\/#website\"},\"primaryImageOfPage\":{\"@id\":\"https:\/\/zonaverde.pt\/site\/vantagens-da-formacao-assincrona-para-as-empresas\/#primaryimage\"},\"image\":{\"@id\":\"https:\/\/zonaverde.pt\/site\/vantagens-da-formacao-assincrona-para-as-empresas\/#primaryimage\"},\"thumbnailUrl\":\"https:\/\/zonaverde.pt\/site\/wp-content\/uploads\/formacao-assincrona.png\",\"datePublished\":\"2025-03-03T15:09:57+00:00\",\"dateModified\":\"2025-06-11T17:28:38+00:00\",\"description\":\"A forma\u00e7\u00e3o ass\u00edncrona \u00e9 uma dessas modalidades que tem vindo a ganhar destaque, principalmente devido aos benef\u00edcios que oferece tanto \u00e0s empresas quanto aos seus colaboradores.\",\"breadcrumb\":{\"@id\":\"https:\/\/zonaverde.pt\/site\/vantagens-da-formacao-assincrona-para-as-empresas\/#breadcrumb\"},\"inLanguage\":\"pt-PT\",\"potentialAction\":[{\"@type\":\"ReadAction\",\"target\":[\"https:\/\/zonaverde.pt\/site\/vantagens-da-formacao-assincrona-para-as-empresas\/\"]}]},{\"@type\":\"ImageObject\",\"inLanguage\":\"pt-PT\",\"@id\":\"https:\/\/zonaverde.pt\/site\/vantagens-da-formacao-assincrona-para-as-empresas\/#primaryimage\",\"url\":\"https:\/\/zonaverde.pt\/site\/wp-content\/uploads\/formacao-assincrona.png\",\"contentUrl\":\"https:\/\/zonaverde.pt\/site\/wp-content\/uploads\/formacao-assincrona.png\",\"width\":480,\"height\":350},{\"@type\":\"BreadcrumbList\",\"@id\":\"https:\/\/zonaverde.pt\/site\/vantagens-da-formacao-assincrona-para-as-empresas\/#breadcrumb\",\"itemListElement\":[{\"@type\":\"ListItem\",\"position\":1,\"name\":\"In\u00edcio\",\"item\":\"https:\/\/zonaverde.pt\/site\/\"},{\"@type\":\"ListItem\",\"position\":2,\"name\":\"Vantagens da Forma\u00e7\u00e3o Ass\u00edncrona para as Empresas\"}]},{\"@type\":\"WebSite\",\"@id\":\"https:\/\/zonaverde.pt\/site\/#website\",\"url\":\"https:\/\/zonaverde.pt\/site\/\",\"name\":\"ZONAVERDE | Forma\u00e7\u00e3o e Consultoria\",\"description\":\"ZONAVERDE empresa de Forma\u00e7\u00e3o para particulares e \u00e0 medida para empresas (Presencial e e-Learning) e Consultoria no apoio \u00e0s PME&#039;s.\",\"publisher\":{\"@id\":\"https:\/\/zonaverde.pt\/site\/#organization\"},\"potentialAction\":[{\"@type\":\"SearchAction\",\"target\":{\"@type\":\"EntryPoint\",\"urlTemplate\":\"https:\/\/zonaverde.pt\/site\/?s={search_term_string}\"},\"query-input\":{\"@type\":\"PropertyValueSpecification\",\"valueRequired\":true,\"valueName\":\"search_term_string\"}}],\"inLanguage\":\"pt-PT\"},{\"@type\":\"Organization\",\"@id\":\"https:\/\/zonaverde.pt\/site\/#organization\",\"name\":\"ZONAVERDE | Forma\u00e7\u00e3o e Consultoria\",\"url\":\"https:\/\/zonaverde.pt\/site\/\",\"logo\":{\"@type\":\"ImageObject\",\"inLanguage\":\"pt-PT\",\"@id\":\"https:\/\/zonaverde.pt\/site\/#\/schema\/logo\/image\/\",\"url\":\"https:\/\/zonaverde.pt\/site\/wp-content\/uploads\/2019\/04\/logotipo-zonaverde.png\",\"contentUrl\":\"https:\/\/zonaverde.pt\/site\/wp-content\/uploads\/2019\/04\/logotipo-zonaverde.png\",\"width\":165,\"height\":55,\"caption\":\"ZONAVERDE | Forma\u00e7\u00e3o e Consultoria\"},\"image\":{\"@id\":\"https:\/\/zonaverde.pt\/site\/#\/schema\/logo\/image\/\"},\"sameAs\":[\"https:\/\/www.facebook.com\/zonaverdept\/\",\"https:\/\/www.instagram.com\/zonaverdept\/\",\"https:\/\/linkedin.com\/company\/zonaverdept\",\"https:\/\/www.youtube.com\/user\/ZonaVerdeCEA\"]},{\"@type\":\"Person\",\"@id\":\"https:\/\/zonaverde.pt\/site\/#\/schema\/person\/74f81111dcc86a759027a398f1d431d4\",\"name\":\"Marketing | ZONAVERDE\",\"image\":{\"@type\":\"ImageObject\",\"inLanguage\":\"pt-PT\",\"@id\":\"https:\/\/zonaverde.pt\/site\/#\/schema\/person\/image\/\",\"url\":\"https:\/\/secure.gravatar.com\/avatar\/aa3aeb1a933ac9ccc47350510bd28900b2914f35e719adf517b6267966b6190a?s=96&d=mm&r=g\",\"contentUrl\":\"https:\/\/secure.gravatar.com\/avatar\/aa3aeb1a933ac9ccc47350510bd28900b2914f35e719adf517b6267966b6190a?s=96&d=mm&r=g\",\"caption\":\"Marketing | ZONAVERDE\"}}]}<\/script>\n<!-- \/ Yoast SEO Premium plugin. -->","yoast_head_json":{"title":"Forma\u00e7\u00e3o ass\u00edncrona para as empresas","description":"A forma\u00e7\u00e3o ass\u00edncrona \u00e9 uma dessas modalidades que tem vindo a ganhar destaque, principalmente devido aos benef\u00edcios que oferece tanto \u00e0s empresas quanto aos seus colaboradores.","robots":{"index":"index","follow":"follow","max-snippet":"max-snippet:-1","max-image-preview":"max-image-preview:large","max-video-preview":"max-video-preview:-1"},"canonical":"https:\/\/zonaverde.pt\/site\/vantagens-da-formacao-assincrona-para-as-empresas\/","og_locale":"pt_PT","og_type":"article","og_title":"Vantagens da Forma\u00e7\u00e3o Ass\u00edncrona para as Empresas","og_description":"A forma\u00e7\u00e3o ass\u00edncrona \u00e9 uma dessas modalidades que tem vindo a ganhar destaque, principalmente devido aos benef\u00edcios que oferece tanto \u00e0s empresas quanto aos seus colaboradores.","og_url":"https:\/\/zonaverde.pt\/site\/vantagens-da-formacao-assincrona-para-as-empresas\/","og_site_name":"ZONAVERDE | Forma\u00e7\u00e3o e Consultoria","article_publisher":"https:\/\/www.facebook.com\/zonaverdept\/","article_published_time":"2025-03-03T15:09:57+00:00","article_modified_time":"2025-06-11T17:28:38+00:00","og_image":[{"width":480,"height":350,"url":"https:\/\/zonaverde.pt\/site\/wp-content\/uploads\/formacao-assincrona.png","type":"image\/png"}],"author":"Marketing | ZONAVERDE","twitter_card":"summary_large_image","twitter_misc":{"Escrito por":"Marketing | ZONAVERDE","Tempo estimado de leitura":"4 minutos"},"schema":{"@context":"https:\/\/schema.org","@graph":[{"@type":"Article","@id":"https:\/\/zonaverde.pt\/site\/vantagens-da-formacao-assincrona-para-as-empresas\/#article","isPartOf":{"@id":"https:\/\/zonaverde.pt\/site\/vantagens-da-formacao-assincrona-para-as-empresas\/"},"author":{"name":"Marketing | ZONAVERDE","@id":"https:\/\/zonaverde.pt\/site\/#\/schema\/person\/74f81111dcc86a759027a398f1d431d4"},"headline":"Vantagens da Forma\u00e7\u00e3o Ass\u00edncrona para as Empresas","datePublished":"2025-03-03T15:09:57+00:00","dateModified":"2025-06-11T17:28:38+00:00","mainEntityOfPage":{"@id":"https:\/\/zonaverde.pt\/site\/vantagens-da-formacao-assincrona-para-as-empresas\/"},"wordCount":808,"commentCount":0,"publisher":{"@id":"https:\/\/zonaverde.pt\/site\/#organization"},"image":{"@id":"https:\/\/zonaverde.pt\/site\/vantagens-da-formacao-assincrona-para-as-empresas\/#primaryimage"},"thumbnailUrl":"https:\/\/zonaverde.pt\/site\/wp-content\/uploads\/formacao-assincrona.png","articleSection":["ZONAVERDE"],"inLanguage":"pt-PT","potentialAction":[{"@type":"CommentAction","name":"Comment","target":["https:\/\/zonaverde.pt\/site\/vantagens-da-formacao-assincrona-para-as-empresas\/#respond"]}]},{"@type":"WebPage","@id":"https:\/\/zonaverde.pt\/site\/vantagens-da-formacao-assincrona-para-as-empresas\/","url":"https:\/\/zonaverde.pt\/site\/vantagens-da-formacao-assincrona-para-as-empresas\/","name":"Forma\u00e7\u00e3o ass\u00edncrona para as empresas","isPartOf":{"@id":"https:\/\/zonaverde.pt\/site\/#website"},"primaryImageOfPage":{"@id":"https:\/\/zonaverde.pt\/site\/vantagens-da-formacao-assincrona-para-as-empresas\/#primaryimage"},"image":{"@id":"https:\/\/zonaverde.pt\/site\/vantagens-da-formacao-assincrona-para-as-empresas\/#primaryimage"},"thumbnailUrl":"https:\/\/zonaverde.pt\/site\/wp-content\/uploads\/formacao-assincrona.png","datePublished":"2025-03-03T15:09:57+00:00","dateModified":"2025-06-11T17:28:38+00:00","description":"A forma\u00e7\u00e3o ass\u00edncrona \u00e9 uma dessas modalidades que tem vindo a ganhar destaque, principalmente devido aos benef\u00edcios que oferece tanto \u00e0s empresas quanto aos seus colaboradores.","breadcrumb":{"@id":"https:\/\/zonaverde.pt\/site\/vantagens-da-formacao-assincrona-para-as-empresas\/#breadcrumb"},"inLanguage":"pt-PT","potentialAction":[{"@type":"ReadAction","target":["https:\/\/zonaverde.pt\/site\/vantagens-da-formacao-assincrona-para-as-empresas\/"]}]},{"@type":"ImageObject","inLanguage":"pt-PT","@id":"https:\/\/zonaverde.pt\/site\/vantagens-da-formacao-assincrona-para-as-empresas\/#primaryimage","url":"https:\/\/zonaverde.pt\/site\/wp-content\/uploads\/formacao-assincrona.png","contentUrl":"https:\/\/zonaverde.pt\/site\/wp-content\/uploads\/formacao-assincrona.png","width":480,"height":350},{"@type":"BreadcrumbList","@id":"https:\/\/zonaverde.pt\/site\/vantagens-da-formacao-assincrona-para-as-empresas\/#breadcrumb","itemListElement":[{"@type":"ListItem","position":1,"name":"In\u00edcio","item":"https:\/\/zonaverde.pt\/site\/"},{"@type":"ListItem","position":2,"name":"Vantagens da Forma\u00e7\u00e3o Ass\u00edncrona para as Empresas"}]},{"@type":"WebSite","@id":"https:\/\/zonaverde.pt\/site\/#website","url":"https:\/\/zonaverde.pt\/site\/","name":"ZONAVERDE | Forma\u00e7\u00e3o e Consultoria","description":"ZONAVERDE empresa de Forma\u00e7\u00e3o para particulares e \u00e0 medida para empresas (Presencial e e-Learning) e Consultoria no apoio \u00e0s PME&#039;s.","publisher":{"@id":"https:\/\/zonaverde.pt\/site\/#organization"},"potentialAction":[{"@type":"SearchAction","target":{"@type":"EntryPoint","urlTemplate":"https:\/\/zonaverde.pt\/site\/?s={search_term_string}"},"query-input":{"@type":"PropertyValueSpecification","valueRequired":true,"valueName":"search_term_string"}}],"inLanguage":"pt-PT"},{"@type":"Organization","@id":"https:\/\/zonaverde.pt\/site\/#organization","name":"ZONAVERDE | Forma\u00e7\u00e3o e Consultoria","url":"https:\/\/zonaverde.pt\/site\/","logo":{"@type":"ImageObject","inLanguage":"pt-PT","@id":"https:\/\/zonaverde.pt\/site\/#\/schema\/logo\/image\/","url":"https:\/\/zonaverde.pt\/site\/wp-content\/uploads\/2019\/04\/logotipo-zonaverde.png","contentUrl":"https:\/\/zonaverde.pt\/site\/wp-content\/uploads\/2019\/04\/logotipo-zonaverde.png","width":165,"height":55,"caption":"ZONAVERDE | Forma\u00e7\u00e3o e Consultoria"},"image":{"@id":"https:\/\/zonaverde.pt\/site\/#\/schema\/logo\/image\/"},"sameAs":["https:\/\/www.facebook.com\/zonaverdept\/","https:\/\/www.instagram.com\/zonaverdept\/","https:\/\/linkedin.com\/company\/zonaverdept","https:\/\/www.youtube.com\/user\/ZonaVerdeCEA"]},{"@type":"Person","@id":"https:\/\/zonaverde.pt\/site\/#\/schema\/person\/74f81111dcc86a759027a398f1d431d4","name":"Marketing | ZONAVERDE","image":{"@type":"ImageObject","inLanguage":"pt-PT","@id":"https:\/\/zonaverde.pt\/site\/#\/schema\/person\/image\/","url":"https:\/\/secure.gravatar.com\/avatar\/aa3aeb1a933ac9ccc47350510bd28900b2914f35e719adf517b6267966b6190a?s=96&d=mm&r=g","contentUrl":"https:\/\/secure.gravatar.com\/avatar\/aa3aeb1a933ac9ccc47350510bd28900b2914f35e719adf517b6267966b6190a?s=96&d=mm&r=g","caption":"Marketing | ZONAVERDE"}}]}},"_links":{"self":[{"href":"https:\/\/zonaverde.pt\/site\/wp-json\/wp\/v2\/posts\/67166","targetHints":{"allow":["GET"]}}],"collection":[{"href":"https:\/\/zonaverde.pt\/site\/wp-json\/wp\/v2\/posts"}],"about":[{"href":"https:\/\/zonaverde.pt\/site\/wp-json\/wp\/v2\/types\/post"}],"author":[{"embeddable":true,"href":"https:\/\/zonaverde.pt\/site\/wp-json\/wp\/v2\/users\/7"}],"replies":[{"embeddable":true,"href":"https:\/\/zonaverde.pt\/site\/wp-json\/wp\/v2\/comments?post=67166"}],"version-history":[{"count":4,"href":"https:\/\/zonaverde.pt\/site\/wp-json\/wp\/v2\/posts\/67166\/revisions"}],"predecessor-version":[{"id":68254,"href":"https:\/\/zonaverde.pt\/site\/wp-json\/wp\/v2\/posts\/67166\/revisions\/68254"}],"wp:featuredmedia":[{"embeddable":true,"href":"https:\/\/zonaverde.pt\/site\/wp-json\/wp\/v2\/media\/67167"}],"wp:attachment":[{"href":"https:\/\/zonaverde.pt\/site\/wp-json\/wp\/v2\/media?parent=67166"}],"wp:term":[{"taxonomy":"category","embeddable":true,"href":"https:\/\/zonaverde.pt\/site\/wp-json\/wp\/v2\/categories?post=67166"},{"taxonomy":"post_tag","embeddable":true,"href":"https:\/\/zonaverde.pt\/site\/wp-json\/wp\/v2\/tags?post=67166"}],"curies":[{"name":"wp","href":"https:\/\/api.w.org\/{rel}","templated":true}]}}