{"id":68827,"date":"2025-09-08T09:00:14","date_gmt":"2025-09-08T08:00:14","guid":{"rendered":"https:\/\/zonaverde.pt\/site\/?p=68827"},"modified":"2025-09-08T10:02:35","modified_gmt":"2025-09-08T09:02:35","slug":"o-impacto-da-transformacao-digital-na-sustentabilidade","status":"publish","type":"post","link":"https:\/\/zonaverde.pt\/site\/o-impacto-da-transformacao-digital-na-sustentabilidade\/","title":{"rendered":"O Impacto da transforma\u00e7\u00e3o digital na sustentabilidade: Caminhos para um futuro mais verde"},"content":{"rendered":"<h3><strong>O Impacto da transforma\u00e7\u00e3o digital na sustentabilidade<\/strong><\/h3>\n<p>Nos \u00faltimos anos, a transforma\u00e7\u00e3o digital tem sido uma for\u00e7a disruptiva, remodelando setores e desafiando modelos de neg\u00f3cios tradicionais. Simultaneamente, a sustentabilidade tornou-se uma prioridade global, \u00e0 medida que as preocupa\u00e7\u00f5es com as mudan\u00e7as clim\u00e1ticas e a degrada\u00e7\u00e3o ambiental ganham cada vez mais destaque. No entanto, muitos podem n\u00e3o perceber que estas duas for\u00e7as, a transforma\u00e7\u00e3o digital e a sustentabilidade, podem, na verdade, estar profundamente interligadas. A tecnologia digital, quando aplicada de forma estrat\u00e9gica, pode ser uma aliada poderosa na promo\u00e7\u00e3o de pr\u00e1ticas mais sustent\u00e1veis e no combate aos problemas ambientais que o mundo enfrenta.<\/p>\n<h4><strong>A converg\u00eancia entre Transforma\u00e7\u00e3o digital e sustentabilidade<\/strong><\/h4>\n<p>A transforma\u00e7\u00e3o digital refere-se \u00e0 integra\u00e7\u00e3o de novas tecnologias digitais em todos os aspetos de uma organiza\u00e7\u00e3o, o que resulta em mudan\u00e7as fundamentais na forma como as empresas operam e entregam valor aos seus clientes. A sustentabilidade, por outro lado, est\u00e1 focada em preservar os recursos naturais, reduzir os impactos ambientais e garantir um desenvolvimento econ\u00f3mico, social e ambiental equilibrado a longo prazo.<\/p>\n<p>Esses dois conceitos podem parecer, \u00e0 primeira vista, desconectados, mas, na realidade, as tecnologias digitais podem ser uma alavanca essencial para alcan\u00e7ar os objetivos de sustentabilidade. A seguir, exploramos algumas das principais formas em que a transforma\u00e7\u00e3o digital tem impactado positivamente a sustentabilidade.<\/p>\n<ol>\n<li>\n<h5><strong> Efici\u00eancia energ\u00e9tica e redu\u00e7\u00e3o do desperd\u00edcio<\/strong><\/h5>\n<\/li>\n<\/ol>\n<p>A utiliza\u00e7\u00e3o de tecnologias digitais pode ajudar as empresas a monitorizar e otimizar o consumo de energia, resultando em redu\u00e7\u00f5es significativas nas emiss\u00f5es de carbono. Sistemas de gest\u00e3o inteligente de energia, baseados em Intelig\u00eancia Artificial (IA) e Internet das Coisas (IoT), permitem que as organiza\u00e7\u00f5es ajustem em tempo real o consumo de energia com base na demanda, prevenindo desperd\u00edcios e promovendo uma utiliza\u00e7\u00e3o mais eficiente dos recursos.<\/p>\n<p>Al\u00e9m disso, a digitaliza\u00e7\u00e3o de processos industriais e log\u00edsticos pode levar a uma diminui\u00e7\u00e3o do desperd\u00edcio de materiais. A implementa\u00e7\u00e3o de solu\u00e7\u00f5es como a impress\u00e3o 3D e a automa\u00e7\u00e3o de processos torna poss\u00edvel produzir apenas o necess\u00e1rio, com uma utiliza\u00e7\u00e3o mais eficiente dos materiais e recursos.<\/p>\n<ol start=\"2\">\n<li>\n<h5><strong> Ado\u00e7\u00e3o de modelos de neg\u00f3cios circulares<\/strong><\/h5>\n<\/li>\n<\/ol>\n<p>A transforma\u00e7\u00e3o digital tem possibilitado a emerg\u00eancia de modelos de neg\u00f3cios mais sustent\u00e1veis, como os modelos circulares. A economia circular, que visa maximizar a utiliza\u00e7\u00e3o dos recursos e reduzir o desperd\u00edcio, est\u00e1 a ser facilitada pela digitaliza\u00e7\u00e3o. Tecnologias como a blockchain, por exemplo, podem ser usadas para rastrear e monitorizar o ciclo de vida dos produtos, garantindo que eles sejam reutilizados, reciclados ou reaproveitados de forma eficiente.<\/p>\n<p>Sistemas digitais tamb\u00e9m permitem que as empresas obtenham uma melhor compreens\u00e3o do impacto ambiental dos seus produtos ao longo de toda a sua cadeia de valor. Isto facilita a identifica\u00e7\u00e3o de oportunidades para reduzir o uso de recursos naturais e minimizar o desperd\u00edcio.<\/p>\n<ol start=\"3\">\n<li>\n<h5><strong> Melhoria da gest\u00e3o de res\u00edduos<\/strong><\/h5>\n<\/li>\n<\/ol>\n<p>A gest\u00e3o de res\u00edduos \u00e9 uma \u00e1rea onde a transforma\u00e7\u00e3o digital tem mostrado um impacto significativo. Tecnologias como sensores inteligentes e big data permitem uma gest\u00e3o mais eficaz dos res\u00edduos, seja na ind\u00fastria, seja na gest\u00e3o de res\u00edduos urbanos. A utiliza\u00e7\u00e3o de plataformas digitais para monitorizar o volume e a composi\u00e7\u00e3o dos res\u00edduos pode levar a uma melhor separa\u00e7\u00e3o, tratamento e reciclagem.<\/p>\n<p>Al\u00e9m disso, a digitaliza\u00e7\u00e3o pode tamb\u00e9m facilitar a cria\u00e7\u00e3o de novos produtos a partir de materiais reciclados, promovendo um ciclo de vida mais sustent\u00e1vel para os produtos e reduzindo a depend\u00eancia de recursos naturais n\u00e3o renov\u00e1veis.<\/p>\n<ol start=\"4\">\n<li>\n<h5><strong> Promo\u00e7\u00e3o da mobilidade sustent\u00e1vel<\/strong><\/h5>\n<\/li>\n<\/ol>\n<p>A mobilidade sustent\u00e1vel \u00e9 um dos principais pilares da sustentabilidade urbana. A transforma\u00e7\u00e3o digital tem contribu\u00eddo para o desenvolvimento de solu\u00e7\u00f5es inovadoras que promovem o uso de transportes mais eficientes e ecol\u00f3gicos. Plataformas de partilha de ve\u00edculos, como bicicletas e carros el\u00e9tricos, t\u00eam ganhado popularidade gra\u00e7as \u00e0 utiliza\u00e7\u00e3o de tecnologias digitais que permitem a gest\u00e3o eficiente das frotas e o aumento da acessibilidade para os utilizadores.<\/p>\n<p>A utiliza\u00e7\u00e3o de sistemas de gest\u00e3o de tr\u00e1fego baseados em IA tamb\u00e9m pode otimizar o fluxo de ve\u00edculos nas cidades, reduzindo os congestionamentos e a emiss\u00e3o de gases poluentes.<\/p>\n<ol start=\"5\">\n<li>\n<h5><strong> Apoio \u00e0 agricultura sustent\u00e1vel<\/strong><\/h5>\n<\/li>\n<\/ol>\n<p>Na \u00e1rea da agricultura, a transforma\u00e7\u00e3o digital tem proporcionado ferramentas que ajudam os agricultores a reduzir o impacto ambiental das suas pr\u00e1ticas. A utiliza\u00e7\u00e3o de sensores e tecnologias de monitoriza\u00e7\u00e3o do solo permite que os agricultores fa\u00e7am uma gest\u00e3o precisa do uso de \u00e1gua, fertilizantes e pesticidas, minimizando o desperd\u00edcio e o impacto no ambiente.<\/p>\n<p>Al\u00e9m disso, o uso de big data e an\u00e1lise preditiva pode ajudar a melhorar as colheitas e a gest\u00e3o de recursos, contribuindo para a produ\u00e7\u00e3o de alimentos de forma mais eficiente e com menor impacto ambiental.<\/p>\n<ol start=\"6\">\n<li>\n<h5><strong> Transpar\u00eancia e responsabilidade social<\/strong><\/h5>\n<\/li>\n<\/ol>\n<p>A transforma\u00e7\u00e3o digital tamb\u00e9m est\u00e1 a facilitar a transpar\u00eancia nas cadeias de fornecimento, o que \u00e9 crucial para a promo\u00e7\u00e3o da sustentabilidade. Atrav\u00e9s da utiliza\u00e7\u00e3o de blockchain, as empresas podem garantir que os seus fornecedores est\u00e3o a cumprir com normas ambientais e sociais, permitindo aos consumidores fazer escolhas mais informadas sobre os produtos que compram.<\/p>\n<p>A transpar\u00eancia digital tamb\u00e9m d\u00e1 \u00e0s organiza\u00e7\u00f5es a capacidade de monitorizar e reportar o seu impacto ambiental de forma mais precisa, criando um ambiente de responsabilidade que incentiva as empresas a adotar pr\u00e1ticas mais sustent\u00e1veis.<\/p>\n<h4><strong>Conclus\u00e3o<\/strong><\/h4>\n<p>A transforma\u00e7\u00e3o digital n\u00e3o \u00e9 apenas uma quest\u00e3o de inova\u00e7\u00e3o tecnol\u00f3gica \u2014 ela tamb\u00e9m tem um impacto profundo na forma como as empresas e os indiv\u00edduos interagem com o meio ambiente. Quando aplicadas de forma estrat\u00e9gica, as tecnologias digitais podem ser a chave para alcan\u00e7ar uma sustentabilidade real, criando solu\u00e7\u00f5es que tornam os processos mais eficientes, reduzem os desperd\u00edcios e promovem o uso respons\u00e1vel dos recursos.<\/p>\n<p>A jun\u00e7\u00e3o desses dois conceitos \u2014 transforma\u00e7\u00e3o digital e sustentabilidade \u2014 pode acelerar a mudan\u00e7a para um futuro mais verde e equilibrado. Numa \u00faltima an\u00e1lise, a inova\u00e7\u00e3o digital, quando aliada aos princ\u00edpios de sustentabilidade, tem o potencial de redefinir o futuro do planeta de forma positiva, impulsionando n\u00e3o s\u00f3 a competitividade das empresas, mas tamb\u00e9m o bem-estar global.<\/p>\n","protected":false},"excerpt":{"rendered":"<p>O Impacto da transforma\u00e7\u00e3o digital na sustentabilidade Nos \u00faltimos anos, a transforma\u00e7\u00e3o digital tem sido uma for\u00e7a disruptiva, remodelando setores e desafiando modelos de neg\u00f3cios tradicionais. Simultaneamente, a sustentabilidade tornou-se uma prioridade global, \u00e0 medida que as preocupa\u00e7\u00f5es com as mudan\u00e7as clim\u00e1ticas e a degrada\u00e7\u00e3o ambiental ganham cada vez mais destaque. No entanto, muitos podem<\/p>\n","protected":false},"author":7,"featured_media":68828,"comment_status":"open","ping_status":"open","sticky":false,"template":"","format":"standard","meta":{"_acf_changed":false,"footnotes":""},"categories":[1],"tags":[],"class_list":["post-68827","post","type-post","status-publish","format-standard","has-post-thumbnail","hentry","category-sem-categoria","prodpage-classic"],"acf":[],"yoast_head":"<!-- This site is optimized with the Yoast SEO Premium plugin v27.0 (Yoast SEO v27.0) - https:\/\/yoast.com\/product\/yoast-seo-premium-wordpress\/ -->\n<title>O Impacto da transforma\u00e7\u00e3o digital na sustentabilidade<\/title>\n<meta name=\"description\" content=\"A transforma\u00e7\u00e3o digital n\u00e3o \u00e9 apenas uma quest\u00e3o de inova\u00e7\u00e3o tecnol\u00f3gica \u2014 ela tamb\u00e9m tem um impacto profundo na forma como as empresas e os indiv\u00edduos interagem com o meio ambiente.\" \/>\n<meta name=\"robots\" content=\"index, follow, max-snippet:-1, max-image-preview:large, max-video-preview:-1\" \/>\n<link rel=\"canonical\" href=\"https:\/\/zonaverde.pt\/site\/o-impacto-da-transformacao-digital-na-sustentabilidade\/\" \/>\n<meta property=\"og:locale\" content=\"pt_PT\" \/>\n<meta property=\"og:type\" content=\"article\" \/>\n<meta property=\"og:title\" content=\"O Impacto da transforma\u00e7\u00e3o digital na sustentabilidade: Caminhos para um futuro mais verde\" \/>\n<meta property=\"og:description\" content=\"A transforma\u00e7\u00e3o digital n\u00e3o \u00e9 apenas uma quest\u00e3o de inova\u00e7\u00e3o tecnol\u00f3gica \u2014 ela tamb\u00e9m tem um impacto profundo na forma como as empresas e os indiv\u00edduos interagem com o meio ambiente.\" \/>\n<meta property=\"og:url\" content=\"https:\/\/zonaverde.pt\/site\/o-impacto-da-transformacao-digital-na-sustentabilidade\/\" \/>\n<meta property=\"og:site_name\" content=\"ZONAVERDE | Forma\u00e7\u00e3o e Consultoria\" \/>\n<meta property=\"article:publisher\" content=\"https:\/\/www.facebook.com\/zonaverdept\/\" \/>\n<meta property=\"article:published_time\" content=\"2025-09-08T08:00:14+00:00\" \/>\n<meta property=\"article:modified_time\" content=\"2025-09-08T09:02:35+00:00\" \/>\n<meta property=\"og:image\" content=\"https:\/\/zonaverde.pt\/site\/wp-content\/uploads\/O-impacto-da-transformacao-digital-e-da-sustentabilidade.png\" \/>\n\t<meta property=\"og:image:width\" content=\"480\" \/>\n\t<meta property=\"og:image:height\" content=\"350\" \/>\n\t<meta property=\"og:image:type\" content=\"image\/png\" \/>\n<meta name=\"author\" content=\"Marketing | ZONAVERDE\" \/>\n<meta name=\"twitter:card\" content=\"summary_large_image\" \/>\n<meta name=\"twitter:label1\" content=\"Escrito por\" \/>\n\t<meta name=\"twitter:data1\" content=\"Marketing | ZONAVERDE\" \/>\n\t<meta name=\"twitter:label2\" content=\"Tempo estimado de leitura\" \/>\n\t<meta name=\"twitter:data2\" content=\"6 minutos\" \/>\n<script type=\"application\/ld+json\" class=\"yoast-schema-graph\">{\"@context\":\"https:\/\/schema.org\",\"@graph\":[{\"@type\":\"Article\",\"@id\":\"https:\/\/zonaverde.pt\/site\/o-impacto-da-transformacao-digital-na-sustentabilidade\/#article\",\"isPartOf\":{\"@id\":\"https:\/\/zonaverde.pt\/site\/o-impacto-da-transformacao-digital-na-sustentabilidade\/\"},\"author\":{\"name\":\"Marketing | ZONAVERDE\",\"@id\":\"https:\/\/zonaverde.pt\/site\/#\/schema\/person\/74f81111dcc86a759027a398f1d431d4\"},\"headline\":\"O Impacto da transforma\u00e7\u00e3o digital na sustentabilidade: Caminhos para um futuro mais verde\",\"datePublished\":\"2025-09-08T08:00:14+00:00\",\"dateModified\":\"2025-09-08T09:02:35+00:00\",\"mainEntityOfPage\":{\"@id\":\"https:\/\/zonaverde.pt\/site\/o-impacto-da-transformacao-digital-na-sustentabilidade\/\"},\"wordCount\":1116,\"commentCount\":0,\"publisher\":{\"@id\":\"https:\/\/zonaverde.pt\/site\/#organization\"},\"image\":{\"@id\":\"https:\/\/zonaverde.pt\/site\/o-impacto-da-transformacao-digital-na-sustentabilidade\/#primaryimage\"},\"thumbnailUrl\":\"https:\/\/zonaverde.pt\/site\/wp-content\/uploads\/O-impacto-da-transformacao-digital-e-da-sustentabilidade.png\",\"inLanguage\":\"pt-PT\",\"potentialAction\":[{\"@type\":\"CommentAction\",\"name\":\"Comment\",\"target\":[\"https:\/\/zonaverde.pt\/site\/o-impacto-da-transformacao-digital-na-sustentabilidade\/#respond\"]}]},{\"@type\":\"WebPage\",\"@id\":\"https:\/\/zonaverde.pt\/site\/o-impacto-da-transformacao-digital-na-sustentabilidade\/\",\"url\":\"https:\/\/zonaverde.pt\/site\/o-impacto-da-transformacao-digital-na-sustentabilidade\/\",\"name\":\"O Impacto da transforma\u00e7\u00e3o digital na sustentabilidade\",\"isPartOf\":{\"@id\":\"https:\/\/zonaverde.pt\/site\/#website\"},\"primaryImageOfPage\":{\"@id\":\"https:\/\/zonaverde.pt\/site\/o-impacto-da-transformacao-digital-na-sustentabilidade\/#primaryimage\"},\"image\":{\"@id\":\"https:\/\/zonaverde.pt\/site\/o-impacto-da-transformacao-digital-na-sustentabilidade\/#primaryimage\"},\"thumbnailUrl\":\"https:\/\/zonaverde.pt\/site\/wp-content\/uploads\/O-impacto-da-transformacao-digital-e-da-sustentabilidade.png\",\"datePublished\":\"2025-09-08T08:00:14+00:00\",\"dateModified\":\"2025-09-08T09:02:35+00:00\",\"description\":\"A transforma\u00e7\u00e3o digital n\u00e3o \u00e9 apenas uma quest\u00e3o de inova\u00e7\u00e3o tecnol\u00f3gica \u2014 ela tamb\u00e9m tem um impacto profundo na forma como as empresas e os indiv\u00edduos interagem com o meio ambiente.\",\"breadcrumb\":{\"@id\":\"https:\/\/zonaverde.pt\/site\/o-impacto-da-transformacao-digital-na-sustentabilidade\/#breadcrumb\"},\"inLanguage\":\"pt-PT\",\"potentialAction\":[{\"@type\":\"ReadAction\",\"target\":[\"https:\/\/zonaverde.pt\/site\/o-impacto-da-transformacao-digital-na-sustentabilidade\/\"]}]},{\"@type\":\"ImageObject\",\"inLanguage\":\"pt-PT\",\"@id\":\"https:\/\/zonaverde.pt\/site\/o-impacto-da-transformacao-digital-na-sustentabilidade\/#primaryimage\",\"url\":\"https:\/\/zonaverde.pt\/site\/wp-content\/uploads\/O-impacto-da-transformacao-digital-e-da-sustentabilidade.png\",\"contentUrl\":\"https:\/\/zonaverde.pt\/site\/wp-content\/uploads\/O-impacto-da-transformacao-digital-e-da-sustentabilidade.png\",\"width\":480,\"height\":350},{\"@type\":\"BreadcrumbList\",\"@id\":\"https:\/\/zonaverde.pt\/site\/o-impacto-da-transformacao-digital-na-sustentabilidade\/#breadcrumb\",\"itemListElement\":[{\"@type\":\"ListItem\",\"position\":1,\"name\":\"In\u00edcio\",\"item\":\"https:\/\/zonaverde.pt\/site\/\"},{\"@type\":\"ListItem\",\"position\":2,\"name\":\"O Impacto da transforma\u00e7\u00e3o digital na sustentabilidade: Caminhos para um futuro mais verde\"}]},{\"@type\":\"WebSite\",\"@id\":\"https:\/\/zonaverde.pt\/site\/#website\",\"url\":\"https:\/\/zonaverde.pt\/site\/\",\"name\":\"ZONAVERDE | Forma\u00e7\u00e3o e Consultoria\",\"description\":\"ZONAVERDE empresa de Forma\u00e7\u00e3o para particulares e \u00e0 medida para empresas (Presencial e e-Learning) e Consultoria no apoio \u00e0s PME&#039;s.\",\"publisher\":{\"@id\":\"https:\/\/zonaverde.pt\/site\/#organization\"},\"potentialAction\":[{\"@type\":\"SearchAction\",\"target\":{\"@type\":\"EntryPoint\",\"urlTemplate\":\"https:\/\/zonaverde.pt\/site\/?s={search_term_string}\"},\"query-input\":{\"@type\":\"PropertyValueSpecification\",\"valueRequired\":true,\"valueName\":\"search_term_string\"}}],\"inLanguage\":\"pt-PT\"},{\"@type\":\"Organization\",\"@id\":\"https:\/\/zonaverde.pt\/site\/#organization\",\"name\":\"ZONAVERDE | Forma\u00e7\u00e3o e Consultoria\",\"url\":\"https:\/\/zonaverde.pt\/site\/\",\"logo\":{\"@type\":\"ImageObject\",\"inLanguage\":\"pt-PT\",\"@id\":\"https:\/\/zonaverde.pt\/site\/#\/schema\/logo\/image\/\",\"url\":\"https:\/\/zonaverde.pt\/site\/wp-content\/uploads\/2019\/04\/logotipo-zonaverde.png\",\"contentUrl\":\"https:\/\/zonaverde.pt\/site\/wp-content\/uploads\/2019\/04\/logotipo-zonaverde.png\",\"width\":165,\"height\":55,\"caption\":\"ZONAVERDE | Forma\u00e7\u00e3o e Consultoria\"},\"image\":{\"@id\":\"https:\/\/zonaverde.pt\/site\/#\/schema\/logo\/image\/\"},\"sameAs\":[\"https:\/\/www.facebook.com\/zonaverdept\/\",\"https:\/\/www.instagram.com\/zonaverdept\/\",\"https:\/\/linkedin.com\/company\/zonaverdept\",\"https:\/\/www.youtube.com\/user\/ZonaVerdeCEA\"]},{\"@type\":\"Person\",\"@id\":\"https:\/\/zonaverde.pt\/site\/#\/schema\/person\/74f81111dcc86a759027a398f1d431d4\",\"name\":\"Marketing | ZONAVERDE\",\"image\":{\"@type\":\"ImageObject\",\"inLanguage\":\"pt-PT\",\"@id\":\"https:\/\/zonaverde.pt\/site\/#\/schema\/person\/image\/\",\"url\":\"https:\/\/secure.gravatar.com\/avatar\/aa3aeb1a933ac9ccc47350510bd28900b2914f35e719adf517b6267966b6190a?s=96&d=mm&r=g\",\"contentUrl\":\"https:\/\/secure.gravatar.com\/avatar\/aa3aeb1a933ac9ccc47350510bd28900b2914f35e719adf517b6267966b6190a?s=96&d=mm&r=g\",\"caption\":\"Marketing | ZONAVERDE\"}}]}<\/script>\n<!-- \/ Yoast SEO Premium plugin. -->","yoast_head_json":{"title":"O Impacto da transforma\u00e7\u00e3o digital na sustentabilidade","description":"A transforma\u00e7\u00e3o digital n\u00e3o \u00e9 apenas uma quest\u00e3o de inova\u00e7\u00e3o tecnol\u00f3gica \u2014 ela tamb\u00e9m tem um impacto profundo na forma como as empresas e os indiv\u00edduos interagem com o meio ambiente.","robots":{"index":"index","follow":"follow","max-snippet":"max-snippet:-1","max-image-preview":"max-image-preview:large","max-video-preview":"max-video-preview:-1"},"canonical":"https:\/\/zonaverde.pt\/site\/o-impacto-da-transformacao-digital-na-sustentabilidade\/","og_locale":"pt_PT","og_type":"article","og_title":"O Impacto da transforma\u00e7\u00e3o digital na sustentabilidade: Caminhos para um futuro mais verde","og_description":"A transforma\u00e7\u00e3o digital n\u00e3o \u00e9 apenas uma quest\u00e3o de inova\u00e7\u00e3o tecnol\u00f3gica \u2014 ela tamb\u00e9m tem um impacto profundo na forma como as empresas e os indiv\u00edduos interagem com o meio ambiente.","og_url":"https:\/\/zonaverde.pt\/site\/o-impacto-da-transformacao-digital-na-sustentabilidade\/","og_site_name":"ZONAVERDE | Forma\u00e7\u00e3o e Consultoria","article_publisher":"https:\/\/www.facebook.com\/zonaverdept\/","article_published_time":"2025-09-08T08:00:14+00:00","article_modified_time":"2025-09-08T09:02:35+00:00","og_image":[{"width":480,"height":350,"url":"https:\/\/zonaverde.pt\/site\/wp-content\/uploads\/O-impacto-da-transformacao-digital-e-da-sustentabilidade.png","type":"image\/png"}],"author":"Marketing | ZONAVERDE","twitter_card":"summary_large_image","twitter_misc":{"Escrito por":"Marketing | ZONAVERDE","Tempo estimado de leitura":"6 minutos"},"schema":{"@context":"https:\/\/schema.org","@graph":[{"@type":"Article","@id":"https:\/\/zonaverde.pt\/site\/o-impacto-da-transformacao-digital-na-sustentabilidade\/#article","isPartOf":{"@id":"https:\/\/zonaverde.pt\/site\/o-impacto-da-transformacao-digital-na-sustentabilidade\/"},"author":{"name":"Marketing | ZONAVERDE","@id":"https:\/\/zonaverde.pt\/site\/#\/schema\/person\/74f81111dcc86a759027a398f1d431d4"},"headline":"O Impacto da transforma\u00e7\u00e3o digital na sustentabilidade: Caminhos para um futuro mais verde","datePublished":"2025-09-08T08:00:14+00:00","dateModified":"2025-09-08T09:02:35+00:00","mainEntityOfPage":{"@id":"https:\/\/zonaverde.pt\/site\/o-impacto-da-transformacao-digital-na-sustentabilidade\/"},"wordCount":1116,"commentCount":0,"publisher":{"@id":"https:\/\/zonaverde.pt\/site\/#organization"},"image":{"@id":"https:\/\/zonaverde.pt\/site\/o-impacto-da-transformacao-digital-na-sustentabilidade\/#primaryimage"},"thumbnailUrl":"https:\/\/zonaverde.pt\/site\/wp-content\/uploads\/O-impacto-da-transformacao-digital-e-da-sustentabilidade.png","inLanguage":"pt-PT","potentialAction":[{"@type":"CommentAction","name":"Comment","target":["https:\/\/zonaverde.pt\/site\/o-impacto-da-transformacao-digital-na-sustentabilidade\/#respond"]}]},{"@type":"WebPage","@id":"https:\/\/zonaverde.pt\/site\/o-impacto-da-transformacao-digital-na-sustentabilidade\/","url":"https:\/\/zonaverde.pt\/site\/o-impacto-da-transformacao-digital-na-sustentabilidade\/","name":"O Impacto da transforma\u00e7\u00e3o digital na sustentabilidade","isPartOf":{"@id":"https:\/\/zonaverde.pt\/site\/#website"},"primaryImageOfPage":{"@id":"https:\/\/zonaverde.pt\/site\/o-impacto-da-transformacao-digital-na-sustentabilidade\/#primaryimage"},"image":{"@id":"https:\/\/zonaverde.pt\/site\/o-impacto-da-transformacao-digital-na-sustentabilidade\/#primaryimage"},"thumbnailUrl":"https:\/\/zonaverde.pt\/site\/wp-content\/uploads\/O-impacto-da-transformacao-digital-e-da-sustentabilidade.png","datePublished":"2025-09-08T08:00:14+00:00","dateModified":"2025-09-08T09:02:35+00:00","description":"A transforma\u00e7\u00e3o digital n\u00e3o \u00e9 apenas uma quest\u00e3o de inova\u00e7\u00e3o tecnol\u00f3gica \u2014 ela tamb\u00e9m tem um impacto profundo na forma como as empresas e os indiv\u00edduos interagem com o meio ambiente.","breadcrumb":{"@id":"https:\/\/zonaverde.pt\/site\/o-impacto-da-transformacao-digital-na-sustentabilidade\/#breadcrumb"},"inLanguage":"pt-PT","potentialAction":[{"@type":"ReadAction","target":["https:\/\/zonaverde.pt\/site\/o-impacto-da-transformacao-digital-na-sustentabilidade\/"]}]},{"@type":"ImageObject","inLanguage":"pt-PT","@id":"https:\/\/zonaverde.pt\/site\/o-impacto-da-transformacao-digital-na-sustentabilidade\/#primaryimage","url":"https:\/\/zonaverde.pt\/site\/wp-content\/uploads\/O-impacto-da-transformacao-digital-e-da-sustentabilidade.png","contentUrl":"https:\/\/zonaverde.pt\/site\/wp-content\/uploads\/O-impacto-da-transformacao-digital-e-da-sustentabilidade.png","width":480,"height":350},{"@type":"BreadcrumbList","@id":"https:\/\/zonaverde.pt\/site\/o-impacto-da-transformacao-digital-na-sustentabilidade\/#breadcrumb","itemListElement":[{"@type":"ListItem","position":1,"name":"In\u00edcio","item":"https:\/\/zonaverde.pt\/site\/"},{"@type":"ListItem","position":2,"name":"O Impacto da transforma\u00e7\u00e3o digital na sustentabilidade: Caminhos para um futuro mais verde"}]},{"@type":"WebSite","@id":"https:\/\/zonaverde.pt\/site\/#website","url":"https:\/\/zonaverde.pt\/site\/","name":"ZONAVERDE | Forma\u00e7\u00e3o e Consultoria","description":"ZONAVERDE empresa de Forma\u00e7\u00e3o para particulares e \u00e0 medida para empresas (Presencial e e-Learning) e Consultoria no apoio \u00e0s PME&#039;s.","publisher":{"@id":"https:\/\/zonaverde.pt\/site\/#organization"},"potentialAction":[{"@type":"SearchAction","target":{"@type":"EntryPoint","urlTemplate":"https:\/\/zonaverde.pt\/site\/?s={search_term_string}"},"query-input":{"@type":"PropertyValueSpecification","valueRequired":true,"valueName":"search_term_string"}}],"inLanguage":"pt-PT"},{"@type":"Organization","@id":"https:\/\/zonaverde.pt\/site\/#organization","name":"ZONAVERDE | Forma\u00e7\u00e3o e Consultoria","url":"https:\/\/zonaverde.pt\/site\/","logo":{"@type":"ImageObject","inLanguage":"pt-PT","@id":"https:\/\/zonaverde.pt\/site\/#\/schema\/logo\/image\/","url":"https:\/\/zonaverde.pt\/site\/wp-content\/uploads\/2019\/04\/logotipo-zonaverde.png","contentUrl":"https:\/\/zonaverde.pt\/site\/wp-content\/uploads\/2019\/04\/logotipo-zonaverde.png","width":165,"height":55,"caption":"ZONAVERDE | Forma\u00e7\u00e3o e Consultoria"},"image":{"@id":"https:\/\/zonaverde.pt\/site\/#\/schema\/logo\/image\/"},"sameAs":["https:\/\/www.facebook.com\/zonaverdept\/","https:\/\/www.instagram.com\/zonaverdept\/","https:\/\/linkedin.com\/company\/zonaverdept","https:\/\/www.youtube.com\/user\/ZonaVerdeCEA"]},{"@type":"Person","@id":"https:\/\/zonaverde.pt\/site\/#\/schema\/person\/74f81111dcc86a759027a398f1d431d4","name":"Marketing | ZONAVERDE","image":{"@type":"ImageObject","inLanguage":"pt-PT","@id":"https:\/\/zonaverde.pt\/site\/#\/schema\/person\/image\/","url":"https:\/\/secure.gravatar.com\/avatar\/aa3aeb1a933ac9ccc47350510bd28900b2914f35e719adf517b6267966b6190a?s=96&d=mm&r=g","contentUrl":"https:\/\/secure.gravatar.com\/avatar\/aa3aeb1a933ac9ccc47350510bd28900b2914f35e719adf517b6267966b6190a?s=96&d=mm&r=g","caption":"Marketing | ZONAVERDE"}}]}},"_links":{"self":[{"href":"https:\/\/zonaverde.pt\/site\/wp-json\/wp\/v2\/posts\/68827","targetHints":{"allow":["GET"]}}],"collection":[{"href":"https:\/\/zonaverde.pt\/site\/wp-json\/wp\/v2\/posts"}],"about":[{"href":"https:\/\/zonaverde.pt\/site\/wp-json\/wp\/v2\/types\/post"}],"author":[{"embeddable":true,"href":"https:\/\/zonaverde.pt\/site\/wp-json\/wp\/v2\/users\/7"}],"replies":[{"embeddable":true,"href":"https:\/\/zonaverde.pt\/site\/wp-json\/wp\/v2\/comments?post=68827"}],"version-history":[{"count":1,"href":"https:\/\/zonaverde.pt\/site\/wp-json\/wp\/v2\/posts\/68827\/revisions"}],"predecessor-version":[{"id":68829,"href":"https:\/\/zonaverde.pt\/site\/wp-json\/wp\/v2\/posts\/68827\/revisions\/68829"}],"wp:featuredmedia":[{"embeddable":true,"href":"https:\/\/zonaverde.pt\/site\/wp-json\/wp\/v2\/media\/68828"}],"wp:attachment":[{"href":"https:\/\/zonaverde.pt\/site\/wp-json\/wp\/v2\/media?parent=68827"}],"wp:term":[{"taxonomy":"category","embeddable":true,"href":"https:\/\/zonaverde.pt\/site\/wp-json\/wp\/v2\/categories?post=68827"},{"taxonomy":"post_tag","embeddable":true,"href":"https:\/\/zonaverde.pt\/site\/wp-json\/wp\/v2\/tags?post=68827"}],"curies":[{"name":"wp","href":"https:\/\/api.w.org\/{rel}","templated":true}]}}