{"id":69221,"date":"2025-10-27T12:51:49","date_gmt":"2025-10-27T12:51:49","guid":{"rendered":"https:\/\/zonaverde.pt\/site\/?p=69221"},"modified":"2025-10-27T12:51:49","modified_gmt":"2025-10-27T12:51:49","slug":"bem-estar-no-trabalho-a-nova-prioridade-das-organizacoes","status":"publish","type":"post","link":"https:\/\/zonaverde.pt\/site\/bem-estar-no-trabalho-a-nova-prioridade-das-organizacoes\/","title":{"rendered":"Bem-estar no Trabalho: A Nova Prioridade das Organiza\u00e7\u00f5es"},"content":{"rendered":"<h2 data-start=\"222\" data-end=\"281\">Bem-estar no Trabalho: A Nova Prioridade das Organiza\u00e7\u00f5es<\/h2>\n<p data-start=\"283\" data-end=\"622\">Nos \u00faltimos anos, o <strong data-start=\"303\" data-end=\"328\">bem-estar no trabalho<\/strong> deixou de ser visto como um extra para se afirmar como uma prioridade estrat\u00e9gica das organiza\u00e7\u00f5es. Mais do que oferecer sal\u00e1rios competitivos, as empresas reconhecem hoje que um ambiente saud\u00e1vel e equilibrado \u00e9 fundamental para a motiva\u00e7\u00e3o, produtividade e reten\u00e7\u00e3o dos seus colaboradores.<\/p>\n<h3 data-start=\"624\" data-end=\"664\">Por que o bem-estar \u00e9 t\u00e3o importante?<\/h3>\n<p data-start=\"666\" data-end=\"975\">Em primeiro lugar, \u00e9 necess\u00e1rio compreender que o bem-estar n\u00e3o se limita \u00e0 sa\u00fade f\u00edsica. Pelo contr\u00e1rio, envolve tamb\u00e9m aspetos emocionais, sociais e at\u00e9 mesmo profissionais. Assim, quando os colaboradores se sentem respeitados, apoiados e valorizados, apresentam maiores n\u00edveis de satisfa\u00e7\u00e3o e desempenho.<\/p>\n<p data-start=\"977\" data-end=\"1134\">Al\u00e9m disso, organiza\u00e7\u00f5es que promovem ambientes equilibrados reduzem significativamente problemas como o absentismo, o burnout e a rotatividade de pessoal.<\/p>\n<h3 data-start=\"1136\" data-end=\"1176\">Estrat\u00e9gias para promover o bem-estar<\/h3>\n<p data-start=\"1178\" data-end=\"1338\">Para que o bem-estar seja uma realidade e n\u00e3o apenas um discurso, \u00e9 essencial que as empresas adotem medidas concretas. Entre as mais relevantes, destacam-se:<\/p>\n<ul data-start=\"1340\" data-end=\"1823\">\n<li data-start=\"1340\" data-end=\"1487\">\n<p data-start=\"1342\" data-end=\"1487\"><strong data-start=\"1342\" data-end=\"1390\">Equil\u00edbrio entre vida pessoal e profissional<\/strong> \u2013 Pol\u00edticas de flexibilidade de hor\u00e1rios ou teletrabalho ajudam a conciliar responsabilidades.<\/p>\n<\/li>\n<li data-start=\"1488\" data-end=\"1589\">\n<p data-start=\"1490\" data-end=\"1589\"><strong data-start=\"1490\" data-end=\"1524\">Programas de sa\u00fade e bem-estar<\/strong> \u2013 Desde a\u00e7\u00f5es de nutri\u00e7\u00e3o at\u00e9 iniciativas de atividade f\u00edsica.<\/p>\n<\/li>\n<li data-start=\"1590\" data-end=\"1700\">\n<p data-start=\"1592\" data-end=\"1700\"><strong data-start=\"1592\" data-end=\"1636\">Cultura de feedback e comunica\u00e7\u00e3o aberta<\/strong> \u2013 Quando os colaboradores t\u00eam voz, sentem-se mais integrados.<\/p>\n<\/li>\n<li data-start=\"1701\" data-end=\"1823\">\n<p data-start=\"1703\" data-end=\"1823\"><strong data-start=\"1703\" data-end=\"1736\">Espa\u00e7os de trabalho saud\u00e1veis<\/strong> \u2013 Ambientes ergon\u00f3micos, limpos e seguros favorecem a concentra\u00e7\u00e3o e reduzem riscos.<\/p>\n<\/li>\n<\/ul>\n<h3 data-start=\"1825\" data-end=\"1872\">Benef\u00edcios para colaboradores e organiza\u00e7\u00f5es<\/h3>\n<p data-start=\"1874\" data-end=\"2027\">Contudo, os ganhos n\u00e3o s\u00e3o apenas individuais. Empresas que cuidam do bem-estar das suas equipas alcan\u00e7am <strong data-start=\"1980\" data-end=\"2013\">vantagens competitivas claras<\/strong>, tais como:<\/p>\n<ul data-start=\"2029\" data-end=\"2248\">\n<li data-start=\"2029\" data-end=\"2079\">\n<p data-start=\"2031\" data-end=\"2079\">Maior produtividade e qualidade no desempenho;<\/p>\n<\/li>\n<li data-start=\"2080\" data-end=\"2145\">\n<p data-start=\"2082\" data-end=\"2145\">Fortalecimento da marca empregadora, atraindo novos talentos;<\/p>\n<\/li>\n<li data-start=\"2146\" data-end=\"2194\">\n<p data-start=\"2148\" data-end=\"2194\">Aumento do esp\u00edrito de equipa e da inova\u00e7\u00e3o;<\/p>\n<\/li>\n<li data-start=\"2195\" data-end=\"2248\">\n<p data-start=\"2197\" data-end=\"2248\">Reputa\u00e7\u00e3o positiva junto de clientes e parceiros.<\/p>\n<\/li>\n<\/ul>\n<h3 data-start=\"2250\" data-end=\"2262\">Conclus\u00e3o<\/h3>\n<p data-start=\"2264\" data-end=\"2525\">O bem-estar no trabalho \u00e9 hoje um pilar central da gest\u00e3o moderna. Ao investir em ambientes mais saud\u00e1veis e equilibrados, as organiza\u00e7\u00f5es n\u00e3o s\u00f3 asseguram o crescimento sustent\u00e1vel, como tamb\u00e9m constroem rela\u00e7\u00f5es mais fortes e duradouras com as suas equipas.<\/p>\n","protected":false},"excerpt":{"rendered":"<p>Bem-estar no Trabalho: A Nova Prioridade das Organiza\u00e7\u00f5es Nos \u00faltimos anos, o bem-estar no trabalho deixou de ser visto como um extra para se afirmar como uma prioridade estrat\u00e9gica das organiza\u00e7\u00f5es. Mais do que oferecer sal\u00e1rios competitivos, as empresas reconhecem hoje que um ambiente saud\u00e1vel e equilibrado \u00e9 fundamental para a motiva\u00e7\u00e3o, produtividade e reten\u00e7\u00e3o<\/p>\n","protected":false},"author":7,"featured_media":69055,"comment_status":"open","ping_status":"open","sticky":false,"template":"","format":"standard","meta":{"_acf_changed":false,"footnotes":""},"categories":[543,1971],"tags":[],"class_list":["post-69221","post","type-post","status-publish","format-standard","has-post-thumbnail","hentry","category-academia","category-zonaverde-2","prodpage-classic"],"acf":[],"yoast_head":"<!-- This site is optimized with the Yoast SEO Premium plugin v27.0 (Yoast SEO v27.0) - https:\/\/yoast.com\/product\/yoast-seo-premium-wordpress\/ -->\n<title>Bem-estar no Trabalho: A Nova Prioridade das Organiza\u00e7\u00f5es - ZONAVERDE | Forma\u00e7\u00e3o e Consultoria<\/title>\n<meta name=\"robots\" content=\"index, follow, max-snippet:-1, max-image-preview:large, max-video-preview:-1\" \/>\n<link rel=\"canonical\" href=\"https:\/\/zonaverde.pt\/site\/bem-estar-no-trabalho-a-nova-prioridade-das-organizacoes\/\" \/>\n<meta property=\"og:locale\" content=\"pt_PT\" \/>\n<meta property=\"og:type\" content=\"article\" \/>\n<meta property=\"og:title\" content=\"Bem-estar no Trabalho: A Nova Prioridade das Organiza\u00e7\u00f5es\" \/>\n<meta property=\"og:description\" content=\"Bem-estar no Trabalho: A Nova Prioridade das Organiza\u00e7\u00f5es Nos \u00faltimos anos, o bem-estar no trabalho deixou de ser visto como um extra para se afirmar como uma prioridade estrat\u00e9gica das organiza\u00e7\u00f5es. Mais do que oferecer sal\u00e1rios competitivos, as empresas reconhecem hoje que um ambiente saud\u00e1vel e equilibrado \u00e9 fundamental para a motiva\u00e7\u00e3o, produtividade e reten\u00e7\u00e3o\" \/>\n<meta property=\"og:url\" content=\"https:\/\/zonaverde.pt\/site\/bem-estar-no-trabalho-a-nova-prioridade-das-organizacoes\/\" \/>\n<meta property=\"og:site_name\" content=\"ZONAVERDE | Forma\u00e7\u00e3o e Consultoria\" \/>\n<meta property=\"article:publisher\" content=\"https:\/\/www.facebook.com\/zonaverdept\/\" \/>\n<meta property=\"article:published_time\" content=\"2025-10-27T12:51:49+00:00\" \/>\n<meta property=\"og:image\" content=\"https:\/\/zonaverde.pt\/site\/wp-content\/uploads\/Bem-estar-no-Trabalho.png\" \/>\n\t<meta property=\"og:image:width\" content=\"480\" \/>\n\t<meta property=\"og:image:height\" content=\"350\" \/>\n\t<meta property=\"og:image:type\" content=\"image\/png\" \/>\n<meta name=\"author\" content=\"Marketing | ZONAVERDE\" \/>\n<meta name=\"twitter:card\" content=\"summary_large_image\" \/>\n<meta name=\"twitter:label1\" content=\"Escrito por\" \/>\n\t<meta name=\"twitter:data1\" content=\"Marketing | ZONAVERDE\" \/>\n\t<meta name=\"twitter:label2\" content=\"Tempo estimado de leitura\" \/>\n\t<meta name=\"twitter:data2\" content=\"2 minutos\" \/>\n<script type=\"application\/ld+json\" class=\"yoast-schema-graph\">{\"@context\":\"https:\/\/schema.org\",\"@graph\":[{\"@type\":\"Article\",\"@id\":\"https:\/\/zonaverde.pt\/site\/bem-estar-no-trabalho-a-nova-prioridade-das-organizacoes\/#article\",\"isPartOf\":{\"@id\":\"https:\/\/zonaverde.pt\/site\/bem-estar-no-trabalho-a-nova-prioridade-das-organizacoes\/\"},\"author\":{\"name\":\"Marketing | ZONAVERDE\",\"@id\":\"https:\/\/zonaverde.pt\/site\/#\/schema\/person\/74f81111dcc86a759027a398f1d431d4\"},\"headline\":\"Bem-estar no Trabalho: A Nova Prioridade das Organiza\u00e7\u00f5es\",\"datePublished\":\"2025-10-27T12:51:49+00:00\",\"mainEntityOfPage\":{\"@id\":\"https:\/\/zonaverde.pt\/site\/bem-estar-no-trabalho-a-nova-prioridade-das-organizacoes\/\"},\"wordCount\":365,\"commentCount\":0,\"publisher\":{\"@id\":\"https:\/\/zonaverde.pt\/site\/#organization\"},\"image\":{\"@id\":\"https:\/\/zonaverde.pt\/site\/bem-estar-no-trabalho-a-nova-prioridade-das-organizacoes\/#primaryimage\"},\"thumbnailUrl\":\"https:\/\/zonaverde.pt\/site\/wp-content\/uploads\/Bem-estar-no-Trabalho.png\",\"articleSection\":[\"Academia\",\"ZONAVERDE\"],\"inLanguage\":\"pt-PT\",\"potentialAction\":[{\"@type\":\"CommentAction\",\"name\":\"Comment\",\"target\":[\"https:\/\/zonaverde.pt\/site\/bem-estar-no-trabalho-a-nova-prioridade-das-organizacoes\/#respond\"]}]},{\"@type\":\"WebPage\",\"@id\":\"https:\/\/zonaverde.pt\/site\/bem-estar-no-trabalho-a-nova-prioridade-das-organizacoes\/\",\"url\":\"https:\/\/zonaverde.pt\/site\/bem-estar-no-trabalho-a-nova-prioridade-das-organizacoes\/\",\"name\":\"Bem-estar no Trabalho: A Nova Prioridade das Organiza\u00e7\u00f5es - ZONAVERDE | Forma\u00e7\u00e3o e Consultoria\",\"isPartOf\":{\"@id\":\"https:\/\/zonaverde.pt\/site\/#website\"},\"primaryImageOfPage\":{\"@id\":\"https:\/\/zonaverde.pt\/site\/bem-estar-no-trabalho-a-nova-prioridade-das-organizacoes\/#primaryimage\"},\"image\":{\"@id\":\"https:\/\/zonaverde.pt\/site\/bem-estar-no-trabalho-a-nova-prioridade-das-organizacoes\/#primaryimage\"},\"thumbnailUrl\":\"https:\/\/zonaverde.pt\/site\/wp-content\/uploads\/Bem-estar-no-Trabalho.png\",\"datePublished\":\"2025-10-27T12:51:49+00:00\",\"breadcrumb\":{\"@id\":\"https:\/\/zonaverde.pt\/site\/bem-estar-no-trabalho-a-nova-prioridade-das-organizacoes\/#breadcrumb\"},\"inLanguage\":\"pt-PT\",\"potentialAction\":[{\"@type\":\"ReadAction\",\"target\":[\"https:\/\/zonaverde.pt\/site\/bem-estar-no-trabalho-a-nova-prioridade-das-organizacoes\/\"]}]},{\"@type\":\"ImageObject\",\"inLanguage\":\"pt-PT\",\"@id\":\"https:\/\/zonaverde.pt\/site\/bem-estar-no-trabalho-a-nova-prioridade-das-organizacoes\/#primaryimage\",\"url\":\"https:\/\/zonaverde.pt\/site\/wp-content\/uploads\/Bem-estar-no-Trabalho.png\",\"contentUrl\":\"https:\/\/zonaverde.pt\/site\/wp-content\/uploads\/Bem-estar-no-Trabalho.png\",\"width\":480,\"height\":350,\"caption\":\"Bem-estar no Trabalho\"},{\"@type\":\"BreadcrumbList\",\"@id\":\"https:\/\/zonaverde.pt\/site\/bem-estar-no-trabalho-a-nova-prioridade-das-organizacoes\/#breadcrumb\",\"itemListElement\":[{\"@type\":\"ListItem\",\"position\":1,\"name\":\"In\u00edcio\",\"item\":\"https:\/\/zonaverde.pt\/site\/\"},{\"@type\":\"ListItem\",\"position\":2,\"name\":\"Bem-estar no Trabalho: A Nova Prioridade das Organiza\u00e7\u00f5es\"}]},{\"@type\":\"WebSite\",\"@id\":\"https:\/\/zonaverde.pt\/site\/#website\",\"url\":\"https:\/\/zonaverde.pt\/site\/\",\"name\":\"ZONAVERDE | Forma\u00e7\u00e3o e Consultoria\",\"description\":\"ZONAVERDE empresa de Forma\u00e7\u00e3o para particulares e \u00e0 medida para empresas (Presencial e e-Learning) e Consultoria no apoio \u00e0s PME&#039;s.\",\"publisher\":{\"@id\":\"https:\/\/zonaverde.pt\/site\/#organization\"},\"potentialAction\":[{\"@type\":\"SearchAction\",\"target\":{\"@type\":\"EntryPoint\",\"urlTemplate\":\"https:\/\/zonaverde.pt\/site\/?s={search_term_string}\"},\"query-input\":{\"@type\":\"PropertyValueSpecification\",\"valueRequired\":true,\"valueName\":\"search_term_string\"}}],\"inLanguage\":\"pt-PT\"},{\"@type\":\"Organization\",\"@id\":\"https:\/\/zonaverde.pt\/site\/#organization\",\"name\":\"ZONAVERDE | Forma\u00e7\u00e3o e Consultoria\",\"url\":\"https:\/\/zonaverde.pt\/site\/\",\"logo\":{\"@type\":\"ImageObject\",\"inLanguage\":\"pt-PT\",\"@id\":\"https:\/\/zonaverde.pt\/site\/#\/schema\/logo\/image\/\",\"url\":\"https:\/\/zonaverde.pt\/site\/wp-content\/uploads\/2019\/04\/logotipo-zonaverde.png\",\"contentUrl\":\"https:\/\/zonaverde.pt\/site\/wp-content\/uploads\/2019\/04\/logotipo-zonaverde.png\",\"width\":165,\"height\":55,\"caption\":\"ZONAVERDE | Forma\u00e7\u00e3o e Consultoria\"},\"image\":{\"@id\":\"https:\/\/zonaverde.pt\/site\/#\/schema\/logo\/image\/\"},\"sameAs\":[\"https:\/\/www.facebook.com\/zonaverdept\/\",\"https:\/\/www.instagram.com\/zonaverdept\/\",\"https:\/\/linkedin.com\/company\/zonaverdept\",\"https:\/\/www.youtube.com\/user\/ZonaVerdeCEA\"]},{\"@type\":\"Person\",\"@id\":\"https:\/\/zonaverde.pt\/site\/#\/schema\/person\/74f81111dcc86a759027a398f1d431d4\",\"name\":\"Marketing | ZONAVERDE\",\"image\":{\"@type\":\"ImageObject\",\"inLanguage\":\"pt-PT\",\"@id\":\"https:\/\/zonaverde.pt\/site\/#\/schema\/person\/image\/\",\"url\":\"https:\/\/secure.gravatar.com\/avatar\/aa3aeb1a933ac9ccc47350510bd28900b2914f35e719adf517b6267966b6190a?s=96&d=mm&r=g\",\"contentUrl\":\"https:\/\/secure.gravatar.com\/avatar\/aa3aeb1a933ac9ccc47350510bd28900b2914f35e719adf517b6267966b6190a?s=96&d=mm&r=g\",\"caption\":\"Marketing | ZONAVERDE\"}}]}<\/script>\n<!-- \/ Yoast SEO Premium plugin. -->","yoast_head_json":{"title":"Bem-estar no Trabalho: A Nova Prioridade das Organiza\u00e7\u00f5es - ZONAVERDE | Forma\u00e7\u00e3o e Consultoria","robots":{"index":"index","follow":"follow","max-snippet":"max-snippet:-1","max-image-preview":"max-image-preview:large","max-video-preview":"max-video-preview:-1"},"canonical":"https:\/\/zonaverde.pt\/site\/bem-estar-no-trabalho-a-nova-prioridade-das-organizacoes\/","og_locale":"pt_PT","og_type":"article","og_title":"Bem-estar no Trabalho: A Nova Prioridade das Organiza\u00e7\u00f5es","og_description":"Bem-estar no Trabalho: A Nova Prioridade das Organiza\u00e7\u00f5es Nos \u00faltimos anos, o bem-estar no trabalho deixou de ser visto como um extra para se afirmar como uma prioridade estrat\u00e9gica das organiza\u00e7\u00f5es. Mais do que oferecer sal\u00e1rios competitivos, as empresas reconhecem hoje que um ambiente saud\u00e1vel e equilibrado \u00e9 fundamental para a motiva\u00e7\u00e3o, produtividade e reten\u00e7\u00e3o","og_url":"https:\/\/zonaverde.pt\/site\/bem-estar-no-trabalho-a-nova-prioridade-das-organizacoes\/","og_site_name":"ZONAVERDE | Forma\u00e7\u00e3o e Consultoria","article_publisher":"https:\/\/www.facebook.com\/zonaverdept\/","article_published_time":"2025-10-27T12:51:49+00:00","og_image":[{"width":480,"height":350,"url":"https:\/\/zonaverde.pt\/site\/wp-content\/uploads\/Bem-estar-no-Trabalho.png","type":"image\/png"}],"author":"Marketing | ZONAVERDE","twitter_card":"summary_large_image","twitter_misc":{"Escrito por":"Marketing | ZONAVERDE","Tempo estimado de leitura":"2 minutos"},"schema":{"@context":"https:\/\/schema.org","@graph":[{"@type":"Article","@id":"https:\/\/zonaverde.pt\/site\/bem-estar-no-trabalho-a-nova-prioridade-das-organizacoes\/#article","isPartOf":{"@id":"https:\/\/zonaverde.pt\/site\/bem-estar-no-trabalho-a-nova-prioridade-das-organizacoes\/"},"author":{"name":"Marketing | ZONAVERDE","@id":"https:\/\/zonaverde.pt\/site\/#\/schema\/person\/74f81111dcc86a759027a398f1d431d4"},"headline":"Bem-estar no Trabalho: A Nova Prioridade das Organiza\u00e7\u00f5es","datePublished":"2025-10-27T12:51:49+00:00","mainEntityOfPage":{"@id":"https:\/\/zonaverde.pt\/site\/bem-estar-no-trabalho-a-nova-prioridade-das-organizacoes\/"},"wordCount":365,"commentCount":0,"publisher":{"@id":"https:\/\/zonaverde.pt\/site\/#organization"},"image":{"@id":"https:\/\/zonaverde.pt\/site\/bem-estar-no-trabalho-a-nova-prioridade-das-organizacoes\/#primaryimage"},"thumbnailUrl":"https:\/\/zonaverde.pt\/site\/wp-content\/uploads\/Bem-estar-no-Trabalho.png","articleSection":["Academia","ZONAVERDE"],"inLanguage":"pt-PT","potentialAction":[{"@type":"CommentAction","name":"Comment","target":["https:\/\/zonaverde.pt\/site\/bem-estar-no-trabalho-a-nova-prioridade-das-organizacoes\/#respond"]}]},{"@type":"WebPage","@id":"https:\/\/zonaverde.pt\/site\/bem-estar-no-trabalho-a-nova-prioridade-das-organizacoes\/","url":"https:\/\/zonaverde.pt\/site\/bem-estar-no-trabalho-a-nova-prioridade-das-organizacoes\/","name":"Bem-estar no Trabalho: A Nova Prioridade das Organiza\u00e7\u00f5es - ZONAVERDE | Forma\u00e7\u00e3o e Consultoria","isPartOf":{"@id":"https:\/\/zonaverde.pt\/site\/#website"},"primaryImageOfPage":{"@id":"https:\/\/zonaverde.pt\/site\/bem-estar-no-trabalho-a-nova-prioridade-das-organizacoes\/#primaryimage"},"image":{"@id":"https:\/\/zonaverde.pt\/site\/bem-estar-no-trabalho-a-nova-prioridade-das-organizacoes\/#primaryimage"},"thumbnailUrl":"https:\/\/zonaverde.pt\/site\/wp-content\/uploads\/Bem-estar-no-Trabalho.png","datePublished":"2025-10-27T12:51:49+00:00","breadcrumb":{"@id":"https:\/\/zonaverde.pt\/site\/bem-estar-no-trabalho-a-nova-prioridade-das-organizacoes\/#breadcrumb"},"inLanguage":"pt-PT","potentialAction":[{"@type":"ReadAction","target":["https:\/\/zonaverde.pt\/site\/bem-estar-no-trabalho-a-nova-prioridade-das-organizacoes\/"]}]},{"@type":"ImageObject","inLanguage":"pt-PT","@id":"https:\/\/zonaverde.pt\/site\/bem-estar-no-trabalho-a-nova-prioridade-das-organizacoes\/#primaryimage","url":"https:\/\/zonaverde.pt\/site\/wp-content\/uploads\/Bem-estar-no-Trabalho.png","contentUrl":"https:\/\/zonaverde.pt\/site\/wp-content\/uploads\/Bem-estar-no-Trabalho.png","width":480,"height":350,"caption":"Bem-estar no Trabalho"},{"@type":"BreadcrumbList","@id":"https:\/\/zonaverde.pt\/site\/bem-estar-no-trabalho-a-nova-prioridade-das-organizacoes\/#breadcrumb","itemListElement":[{"@type":"ListItem","position":1,"name":"In\u00edcio","item":"https:\/\/zonaverde.pt\/site\/"},{"@type":"ListItem","position":2,"name":"Bem-estar no Trabalho: A Nova Prioridade das Organiza\u00e7\u00f5es"}]},{"@type":"WebSite","@id":"https:\/\/zonaverde.pt\/site\/#website","url":"https:\/\/zonaverde.pt\/site\/","name":"ZONAVERDE | Forma\u00e7\u00e3o e Consultoria","description":"ZONAVERDE empresa de Forma\u00e7\u00e3o para particulares e \u00e0 medida para empresas (Presencial e e-Learning) e Consultoria no apoio \u00e0s PME&#039;s.","publisher":{"@id":"https:\/\/zonaverde.pt\/site\/#organization"},"potentialAction":[{"@type":"SearchAction","target":{"@type":"EntryPoint","urlTemplate":"https:\/\/zonaverde.pt\/site\/?s={search_term_string}"},"query-input":{"@type":"PropertyValueSpecification","valueRequired":true,"valueName":"search_term_string"}}],"inLanguage":"pt-PT"},{"@type":"Organization","@id":"https:\/\/zonaverde.pt\/site\/#organization","name":"ZONAVERDE | Forma\u00e7\u00e3o e Consultoria","url":"https:\/\/zonaverde.pt\/site\/","logo":{"@type":"ImageObject","inLanguage":"pt-PT","@id":"https:\/\/zonaverde.pt\/site\/#\/schema\/logo\/image\/","url":"https:\/\/zonaverde.pt\/site\/wp-content\/uploads\/2019\/04\/logotipo-zonaverde.png","contentUrl":"https:\/\/zonaverde.pt\/site\/wp-content\/uploads\/2019\/04\/logotipo-zonaverde.png","width":165,"height":55,"caption":"ZONAVERDE | Forma\u00e7\u00e3o e Consultoria"},"image":{"@id":"https:\/\/zonaverde.pt\/site\/#\/schema\/logo\/image\/"},"sameAs":["https:\/\/www.facebook.com\/zonaverdept\/","https:\/\/www.instagram.com\/zonaverdept\/","https:\/\/linkedin.com\/company\/zonaverdept","https:\/\/www.youtube.com\/user\/ZonaVerdeCEA"]},{"@type":"Person","@id":"https:\/\/zonaverde.pt\/site\/#\/schema\/person\/74f81111dcc86a759027a398f1d431d4","name":"Marketing | ZONAVERDE","image":{"@type":"ImageObject","inLanguage":"pt-PT","@id":"https:\/\/zonaverde.pt\/site\/#\/schema\/person\/image\/","url":"https:\/\/secure.gravatar.com\/avatar\/aa3aeb1a933ac9ccc47350510bd28900b2914f35e719adf517b6267966b6190a?s=96&d=mm&r=g","contentUrl":"https:\/\/secure.gravatar.com\/avatar\/aa3aeb1a933ac9ccc47350510bd28900b2914f35e719adf517b6267966b6190a?s=96&d=mm&r=g","caption":"Marketing | ZONAVERDE"}}]}},"_links":{"self":[{"href":"https:\/\/zonaverde.pt\/site\/wp-json\/wp\/v2\/posts\/69221","targetHints":{"allow":["GET"]}}],"collection":[{"href":"https:\/\/zonaverde.pt\/site\/wp-json\/wp\/v2\/posts"}],"about":[{"href":"https:\/\/zonaverde.pt\/site\/wp-json\/wp\/v2\/types\/post"}],"author":[{"embeddable":true,"href":"https:\/\/zonaverde.pt\/site\/wp-json\/wp\/v2\/users\/7"}],"replies":[{"embeddable":true,"href":"https:\/\/zonaverde.pt\/site\/wp-json\/wp\/v2\/comments?post=69221"}],"version-history":[{"count":1,"href":"https:\/\/zonaverde.pt\/site\/wp-json\/wp\/v2\/posts\/69221\/revisions"}],"predecessor-version":[{"id":69222,"href":"https:\/\/zonaverde.pt\/site\/wp-json\/wp\/v2\/posts\/69221\/revisions\/69222"}],"wp:featuredmedia":[{"embeddable":true,"href":"https:\/\/zonaverde.pt\/site\/wp-json\/wp\/v2\/media\/69055"}],"wp:attachment":[{"href":"https:\/\/zonaverde.pt\/site\/wp-json\/wp\/v2\/media?parent=69221"}],"wp:term":[{"taxonomy":"category","embeddable":true,"href":"https:\/\/zonaverde.pt\/site\/wp-json\/wp\/v2\/categories?post=69221"},{"taxonomy":"post_tag","embeddable":true,"href":"https:\/\/zonaverde.pt\/site\/wp-json\/wp\/v2\/tags?post=69221"}],"curies":[{"name":"wp","href":"https:\/\/api.w.org\/{rel}","templated":true}]}}