{"id":69644,"date":"2026-01-26T09:00:53","date_gmt":"2026-01-26T09:00:53","guid":{"rendered":"https:\/\/zonaverde.pt\/site\/?p=69644"},"modified":"2026-01-15T10:18:56","modified_gmt":"2026-01-15T10:18:56","slug":"o-impacto-da-inteligencia-artificial-no-trabalho-em-2026","status":"publish","type":"post","link":"https:\/\/zonaverde.pt\/site\/o-impacto-da-inteligencia-artificial-no-trabalho-em-2026\/","title":{"rendered":"O impacto da Intelig\u00eancia Artificial no trabalho em 2026"},"content":{"rendered":"<h1><b>O impacto da Intelig\u00eancia Artificial no trabalho em 2026<\/b><\/h1>\n<h2><b>Introdu\u00e7\u00e3o: uma transforma\u00e7\u00e3o que j\u00e1 est\u00e1 em curso<\/b><\/h2>\n<p><b>A Intelig\u00eancia Artificial (IA) deixou de ser uma promessa distante e tornou-se uma realidade presente nas organiza\u00e7\u00f5es. No entanto, em 2026, o seu impacto no trabalho ser\u00e1 ainda mais profundo, estruturado e estrat\u00e9gico. Mais do que automatizar tarefas, a IA vai redefinir fun\u00e7\u00f5es, compet\u00eancias e modelos de trabalho.<\/b><\/p>\n<p><b>Assim, compreender esta transforma\u00e7\u00e3o torna-se essencial para profissionais e empresas que pretendem manter-se relevantes, competitivos e preparados para o futuro.<\/b><\/p>\n<p>&nbsp;<\/p>\n<h2><b>1. Automatiza\u00e7\u00e3o cresce, mas n\u00e3o elimina o fator humano<\/b><\/h2>\n<p><b>Em primeiro lugar, importa esclarecer um dos maiores mitos associados \u00e0 IA: a ideia de que ir\u00e1 substituir massivamente os trabalhadores. Na pr\u00e1tica, em 2026, a IA assume sobretudo um papel de apoio e otimiza\u00e7\u00e3o, automatizando tarefas repetitivas, administrativas e de baixo valor acrescentado.<\/b><\/p>\n<p><b>Consequentemente, os profissionais passam a dedicar mais tempo a atividades estrat\u00e9gicas, criativas e de tomada de decis\u00e3o. Em vez de eliminar empregos, a IA transforma-os.<\/b><\/p>\n<p><b>Al\u00e9m disso, as empresas que utilizam a IA de forma inteligente aumentam a produtividade sem comprometer o capital humano.<\/b><\/p>\n<p>&nbsp;<\/p>\n<h2><b>2. Novas fun\u00e7\u00f5es e perfis profissionais emergem<\/b><\/h2>\n<p><b>\u00c0 medida que a IA se integra nos processos de trabalho, surgem novas fun\u00e7\u00f5es que n\u00e3o existiam h\u00e1 poucos anos. Em 2026, cresce a procura por perfis como:<\/b><\/p>\n<ul>\n<li aria-level=\"1\"><b>Especialistas em dados e IA<\/b><b>\n<p><\/b><\/li>\n<\/ul>\n<ul>\n<li aria-level=\"1\"><b>Analistas de processos automatizados<\/b><b>\n<p><\/b><\/li>\n<\/ul>\n<ul>\n<li aria-level=\"1\"><b>Respons\u00e1veis pela \u00e9tica e governa\u00e7\u00e3o da IA<\/b><b><br \/>\n<\/b><b><\/p>\n<p><\/b><\/li>\n<\/ul>\n<ul>\n<li aria-level=\"1\"><b>Profissionais h\u00edbridos, com compet\u00eancias t\u00e9cnicas e humanas<\/b><b>\n<p><\/b><\/li>\n<\/ul>\n<p><b>Por outro lado, fun\u00e7\u00f5es tradicionais evoluem e exigem novas compet\u00eancias digitais. Assim, o mercado de trabalho torna-se mais din\u00e2mico e orientado \u00e0 aprendizagem cont\u00ednua.<\/b><\/p>\n<p>&nbsp;<\/p>\n<h2><b>3. As compet\u00eancias humanas tornam-se ainda mais valorizadas<\/b><\/h2>\n<p><b>Paradoxalmente, quanto maior \u00e9 a presen\u00e7a da tecnologia, maior \u00e9 a valoriza\u00e7\u00e3o das compet\u00eancias humanas. Em 2026, capacidades como pensamento cr\u00edtico, criatividade, comunica\u00e7\u00e3o, empatia e gest\u00e3o emocional assumem um papel determinante.<\/b><\/p>\n<p><b>Enquanto a IA processa dados e executa tarefas, as pessoas interpretam contextos, tomam decis\u00f5es \u00e9ticas e lideram equipas. Por isso, as empresas procuram profissionais capazes de colaborar com a tecnologia, em vez de competir com ela.<\/b><\/p>\n<p><b>Al\u00e9m disso, a lideran\u00e7a humana torna-se fundamental para gerir a mudan\u00e7a e promover ambientes de trabalho equilibrados.<\/b><\/p>\n<p>&nbsp;<\/p>\n<h2><b>4. A aprendizagem cont\u00ednua deixa de ser opcional<\/b><\/h2>\n<p><b>Com a r\u00e1pida evolu\u00e7\u00e3o tecnol\u00f3gica, o ciclo de validade das compet\u00eancias encurta significativamente. O que hoje \u00e9 actual pode tornar-se obsoleto num curto espa\u00e7o de tempo. Assim, em 2026, a aprendizagem cont\u00ednua deixa de ser uma op\u00e7\u00e3o e passa a ser uma exig\u00eancia.<\/b><\/p>\n<p><b>As organiza\u00e7\u00f5es investem cada vez mais em:<\/b><\/p>\n<ul>\n<li aria-level=\"1\"><b>Upskilling (refor\u00e7o de compet\u00eancias na fun\u00e7\u00e3o actual)<\/b><b>\n<p><\/b><\/li>\n<\/ul>\n<ul>\n<li aria-level=\"1\"><b>Reskilling (requalifica\u00e7\u00e3o para novas fun\u00e7\u00f5es)<\/b><b>\n<p><\/b><\/li>\n<\/ul>\n<ul>\n<li aria-level=\"1\"><b>Forma\u00e7\u00e3o digital e tecnol\u00f3gica<\/b><b>\n<p><\/b><\/li>\n<\/ul>\n<ul>\n<li aria-level=\"1\"><b>Desenvolvimento de soft skills<\/b><b>\n<p><\/b><\/li>\n<\/ul>\n<p><b>Deste modo, a forma\u00e7\u00e3o assume um papel estrat\u00e9gico, directamente ligado \u00e0 sustentabilidade e competitividade das empresas.<\/b><\/p>\n<p>&nbsp;<\/p>\n<h2><b>5. A mudan\u00e7a cultural torna-se inevit\u00e1vel<\/b><\/h2>\n<p><b>A adop\u00e7\u00e3o da Intelig\u00eancia Artificial n\u00e3o implica apenas tecnologia; exige tamb\u00e9m uma mudan\u00e7a cultural. Em muitas organiza\u00e7\u00f5es, a resist\u00eancia \u00e0 mudan\u00e7a continua a ser um dos principais desafios.<\/b><\/p>\n<p><b>No entanto, as empresas que comunicam de forma clara, envolvem as equipas e apostam na forma\u00e7\u00e3o conseguem integrar a IA de forma mais eficaz. Assim, promovem uma cultura de inova\u00e7\u00e3o, confian\u00e7a e melhoria cont\u00ednua.<\/b><\/p>\n<p><b>Por conseguinte, liderar a transforma\u00e7\u00e3o \u00e9 t\u00e3o importante quanto implementar solu\u00e7\u00f5es tecnol\u00f3gicas.<\/b><\/p>\n<p>&nbsp;<\/p>\n<h2><b>6. O papel das empresas em 2026: preparar pessoas, n\u00e3o apenas sistemas<\/b><\/h2>\n<p><b>Em 2026, as organiza\u00e7\u00f5es que se destacam s\u00e3o aquelas que compreendem que o sucesso da IA depende das pessoas. N\u00e3o basta investir em ferramentas avan\u00e7adas; \u00e9 essencial capacitar os colaboradores para as utilizar de forma consciente, \u00e9tica e eficaz.<\/b><\/p>\n<p><b>Al\u00e9m disso, as empresas assumem um papel activo na protec\u00e7\u00e3o de dados, na transpar\u00eancia dos processos e na tomada de decis\u00f5es informadas.<\/b><\/p>\n<p><b>Desta forma, a Intelig\u00eancia Artificial torna-se um aliado do crescimento sustent\u00e1vel e respons\u00e1vel.<\/b><\/p>\n<p>&nbsp;<\/p>\n<h2><b>Conclus\u00e3o: o futuro do trabalho come\u00e7a hoje<\/b><\/h2>\n<p><b>Em s\u00edntese, o impacto da Intelig\u00eancia Artificial no trabalho em 2026 ser\u00e1 profundo, mas amplamente positivo para quem se prepara atempadamente. A IA transforma fun\u00e7\u00f5es, valoriza as compet\u00eancias humanas e refor\u00e7a a import\u00e2ncia da aprendizagem cont\u00ednua.<\/b><\/p>\n<p><b>Assim, os profissionais que investem no seu desenvolvimento e as empresas que capacitam as suas equipas estar\u00e3o melhor posicionados para enfrentar desafios, aproveitar oportunidades e prosperar num mercado cada vez mais tecnol\u00f3gico e humano.<\/b><\/p>\n<p><b>\ud83d\udc49 Preparar-se hoje \u00e9 garantir relev\u00e2ncia amanh\u00e3.<\/b><\/p>\n","protected":false},"excerpt":{"rendered":"<p>O impacto da Intelig\u00eancia Artificial no trabalho em 2026 Introdu\u00e7\u00e3o: uma transforma\u00e7\u00e3o que j\u00e1 est\u00e1 em curso A Intelig\u00eancia Artificial (IA) deixou de ser uma promessa distante e tornou-se uma realidade presente nas organiza\u00e7\u00f5es. No entanto, em 2026, o seu impacto no trabalho ser\u00e1 ainda mais profundo, estruturado e estrat\u00e9gico. Mais do que automatizar tarefas,<\/p>\n","protected":false},"author":7,"featured_media":69646,"comment_status":"open","ping_status":"open","sticky":false,"template":"","format":"standard","meta":{"_acf_changed":false,"footnotes":""},"categories":[1,1971],"tags":[],"class_list":["post-69644","post","type-post","status-publish","format-standard","has-post-thumbnail","hentry","category-sem-categoria","category-zonaverde-2","prodpage-classic"],"acf":[],"yoast_head":"<!-- This site is optimized with the Yoast SEO Premium plugin v27.0 (Yoast SEO v27.0) - https:\/\/yoast.com\/product\/yoast-seo-premium-wordpress\/ -->\n<title>O impacto da Intelig\u00eancia Artificial no trabalho em 2026<\/title>\n<meta name=\"description\" content=\"impacto da Intelig\u00eancia Artificial no trabalho em 2026 ser\u00e1 profundo, mas amplamente positivo para quem se prepara atempadamente.\" \/>\n<meta name=\"robots\" content=\"index, follow, max-snippet:-1, max-image-preview:large, max-video-preview:-1\" \/>\n<link rel=\"canonical\" href=\"https:\/\/zonaverde.pt\/site\/o-impacto-da-inteligencia-artificial-no-trabalho-em-2026\/\" \/>\n<meta property=\"og:locale\" content=\"pt_PT\" \/>\n<meta property=\"og:type\" content=\"article\" \/>\n<meta property=\"og:title\" content=\"O impacto da Intelig\u00eancia Artificial no trabalho em 2026\" \/>\n<meta property=\"og:description\" content=\"impacto da Intelig\u00eancia Artificial no trabalho em 2026 ser\u00e1 profundo, mas amplamente positivo para quem se prepara atempadamente.\" \/>\n<meta property=\"og:url\" content=\"https:\/\/zonaverde.pt\/site\/o-impacto-da-inteligencia-artificial-no-trabalho-em-2026\/\" \/>\n<meta property=\"og:site_name\" content=\"ZONAVERDE | Forma\u00e7\u00e3o e Consultoria\" \/>\n<meta property=\"article:publisher\" content=\"https:\/\/www.facebook.com\/zonaverdept\/\" \/>\n<meta property=\"article:published_time\" content=\"2026-01-26T09:00:53+00:00\" \/>\n<meta property=\"og:image\" content=\"https:\/\/zonaverde.pt\/site\/wp-content\/uploads\/O-impacto-da-Inteligencia-Artificial-no-trabalho-em-2026.png\" \/>\n\t<meta property=\"og:image:width\" content=\"480\" \/>\n\t<meta property=\"og:image:height\" content=\"350\" \/>\n\t<meta property=\"og:image:type\" content=\"image\/png\" \/>\n<meta name=\"author\" content=\"Marketing | ZONAVERDE\" \/>\n<meta name=\"twitter:card\" content=\"summary_large_image\" \/>\n<meta name=\"twitter:label1\" content=\"Escrito por\" \/>\n\t<meta name=\"twitter:data1\" content=\"Marketing | ZONAVERDE\" \/>\n\t<meta name=\"twitter:label2\" content=\"Tempo estimado de leitura\" \/>\n\t<meta name=\"twitter:data2\" content=\"5 minutos\" \/>\n<script type=\"application\/ld+json\" class=\"yoast-schema-graph\">{\"@context\":\"https:\/\/schema.org\",\"@graph\":[{\"@type\":\"Article\",\"@id\":\"https:\/\/zonaverde.pt\/site\/o-impacto-da-inteligencia-artificial-no-trabalho-em-2026\/#article\",\"isPartOf\":{\"@id\":\"https:\/\/zonaverde.pt\/site\/o-impacto-da-inteligencia-artificial-no-trabalho-em-2026\/\"},\"author\":{\"name\":\"Marketing | ZONAVERDE\",\"@id\":\"https:\/\/zonaverde.pt\/site\/#\/schema\/person\/74f81111dcc86a759027a398f1d431d4\"},\"headline\":\"O impacto da Intelig\u00eancia Artificial no trabalho em 2026\",\"datePublished\":\"2026-01-26T09:00:53+00:00\",\"mainEntityOfPage\":{\"@id\":\"https:\/\/zonaverde.pt\/site\/o-impacto-da-inteligencia-artificial-no-trabalho-em-2026\/\"},\"wordCount\":789,\"commentCount\":0,\"publisher\":{\"@id\":\"https:\/\/zonaverde.pt\/site\/#organization\"},\"image\":{\"@id\":\"https:\/\/zonaverde.pt\/site\/o-impacto-da-inteligencia-artificial-no-trabalho-em-2026\/#primaryimage\"},\"thumbnailUrl\":\"https:\/\/zonaverde.pt\/site\/wp-content\/uploads\/O-impacto-da-Inteligencia-Artificial-no-trabalho-em-2026.png\",\"articleSection\":{\"1\":\"ZONAVERDE\"},\"inLanguage\":\"pt-PT\",\"potentialAction\":[{\"@type\":\"CommentAction\",\"name\":\"Comment\",\"target\":[\"https:\/\/zonaverde.pt\/site\/o-impacto-da-inteligencia-artificial-no-trabalho-em-2026\/#respond\"]}]},{\"@type\":\"WebPage\",\"@id\":\"https:\/\/zonaverde.pt\/site\/o-impacto-da-inteligencia-artificial-no-trabalho-em-2026\/\",\"url\":\"https:\/\/zonaverde.pt\/site\/o-impacto-da-inteligencia-artificial-no-trabalho-em-2026\/\",\"name\":\"O impacto da Intelig\u00eancia Artificial no trabalho em 2026\",\"isPartOf\":{\"@id\":\"https:\/\/zonaverde.pt\/site\/#website\"},\"primaryImageOfPage\":{\"@id\":\"https:\/\/zonaverde.pt\/site\/o-impacto-da-inteligencia-artificial-no-trabalho-em-2026\/#primaryimage\"},\"image\":{\"@id\":\"https:\/\/zonaverde.pt\/site\/o-impacto-da-inteligencia-artificial-no-trabalho-em-2026\/#primaryimage\"},\"thumbnailUrl\":\"https:\/\/zonaverde.pt\/site\/wp-content\/uploads\/O-impacto-da-Inteligencia-Artificial-no-trabalho-em-2026.png\",\"datePublished\":\"2026-01-26T09:00:53+00:00\",\"description\":\"impacto da Intelig\u00eancia Artificial no trabalho em 2026 ser\u00e1 profundo, mas amplamente positivo para quem se prepara atempadamente.\",\"breadcrumb\":{\"@id\":\"https:\/\/zonaverde.pt\/site\/o-impacto-da-inteligencia-artificial-no-trabalho-em-2026\/#breadcrumb\"},\"inLanguage\":\"pt-PT\",\"potentialAction\":[{\"@type\":\"ReadAction\",\"target\":[\"https:\/\/zonaverde.pt\/site\/o-impacto-da-inteligencia-artificial-no-trabalho-em-2026\/\"]}]},{\"@type\":\"ImageObject\",\"inLanguage\":\"pt-PT\",\"@id\":\"https:\/\/zonaverde.pt\/site\/o-impacto-da-inteligencia-artificial-no-trabalho-em-2026\/#primaryimage\",\"url\":\"https:\/\/zonaverde.pt\/site\/wp-content\/uploads\/O-impacto-da-Inteligencia-Artificial-no-trabalho-em-2026.png\",\"contentUrl\":\"https:\/\/zonaverde.pt\/site\/wp-content\/uploads\/O-impacto-da-Inteligencia-Artificial-no-trabalho-em-2026.png\",\"width\":480,\"height\":350},{\"@type\":\"BreadcrumbList\",\"@id\":\"https:\/\/zonaverde.pt\/site\/o-impacto-da-inteligencia-artificial-no-trabalho-em-2026\/#breadcrumb\",\"itemListElement\":[{\"@type\":\"ListItem\",\"position\":1,\"name\":\"In\u00edcio\",\"item\":\"https:\/\/zonaverde.pt\/site\/\"},{\"@type\":\"ListItem\",\"position\":2,\"name\":\"O impacto da Intelig\u00eancia Artificial no trabalho em 2026\"}]},{\"@type\":\"WebSite\",\"@id\":\"https:\/\/zonaverde.pt\/site\/#website\",\"url\":\"https:\/\/zonaverde.pt\/site\/\",\"name\":\"ZONAVERDE | Forma\u00e7\u00e3o e Consultoria\",\"description\":\"ZONAVERDE empresa de Forma\u00e7\u00e3o para particulares e \u00e0 medida para empresas (Presencial e e-Learning) e Consultoria no apoio \u00e0s PME&#039;s.\",\"publisher\":{\"@id\":\"https:\/\/zonaverde.pt\/site\/#organization\"},\"potentialAction\":[{\"@type\":\"SearchAction\",\"target\":{\"@type\":\"EntryPoint\",\"urlTemplate\":\"https:\/\/zonaverde.pt\/site\/?s={search_term_string}\"},\"query-input\":{\"@type\":\"PropertyValueSpecification\",\"valueRequired\":true,\"valueName\":\"search_term_string\"}}],\"inLanguage\":\"pt-PT\"},{\"@type\":\"Organization\",\"@id\":\"https:\/\/zonaverde.pt\/site\/#organization\",\"name\":\"ZONAVERDE | Forma\u00e7\u00e3o e Consultoria\",\"url\":\"https:\/\/zonaverde.pt\/site\/\",\"logo\":{\"@type\":\"ImageObject\",\"inLanguage\":\"pt-PT\",\"@id\":\"https:\/\/zonaverde.pt\/site\/#\/schema\/logo\/image\/\",\"url\":\"https:\/\/zonaverde.pt\/site\/wp-content\/uploads\/2019\/04\/logotipo-zonaverde.png\",\"contentUrl\":\"https:\/\/zonaverde.pt\/site\/wp-content\/uploads\/2019\/04\/logotipo-zonaverde.png\",\"width\":165,\"height\":55,\"caption\":\"ZONAVERDE | Forma\u00e7\u00e3o e Consultoria\"},\"image\":{\"@id\":\"https:\/\/zonaverde.pt\/site\/#\/schema\/logo\/image\/\"},\"sameAs\":[\"https:\/\/www.facebook.com\/zonaverdept\/\",\"https:\/\/www.instagram.com\/zonaverdept\/\",\"https:\/\/linkedin.com\/company\/zonaverdept\",\"https:\/\/www.youtube.com\/user\/ZonaVerdeCEA\"]},{\"@type\":\"Person\",\"@id\":\"https:\/\/zonaverde.pt\/site\/#\/schema\/person\/74f81111dcc86a759027a398f1d431d4\",\"name\":\"Marketing | ZONAVERDE\",\"image\":{\"@type\":\"ImageObject\",\"inLanguage\":\"pt-PT\",\"@id\":\"https:\/\/zonaverde.pt\/site\/#\/schema\/person\/image\/\",\"url\":\"https:\/\/secure.gravatar.com\/avatar\/aa3aeb1a933ac9ccc47350510bd28900b2914f35e719adf517b6267966b6190a?s=96&d=mm&r=g\",\"contentUrl\":\"https:\/\/secure.gravatar.com\/avatar\/aa3aeb1a933ac9ccc47350510bd28900b2914f35e719adf517b6267966b6190a?s=96&d=mm&r=g\",\"caption\":\"Marketing | ZONAVERDE\"}}]}<\/script>\n<!-- \/ Yoast SEO Premium plugin. -->","yoast_head_json":{"title":"O impacto da Intelig\u00eancia Artificial no trabalho em 2026","description":"impacto da Intelig\u00eancia Artificial no trabalho em 2026 ser\u00e1 profundo, mas amplamente positivo para quem se prepara atempadamente.","robots":{"index":"index","follow":"follow","max-snippet":"max-snippet:-1","max-image-preview":"max-image-preview:large","max-video-preview":"max-video-preview:-1"},"canonical":"https:\/\/zonaverde.pt\/site\/o-impacto-da-inteligencia-artificial-no-trabalho-em-2026\/","og_locale":"pt_PT","og_type":"article","og_title":"O impacto da Intelig\u00eancia Artificial no trabalho em 2026","og_description":"impacto da Intelig\u00eancia Artificial no trabalho em 2026 ser\u00e1 profundo, mas amplamente positivo para quem se prepara atempadamente.","og_url":"https:\/\/zonaverde.pt\/site\/o-impacto-da-inteligencia-artificial-no-trabalho-em-2026\/","og_site_name":"ZONAVERDE | Forma\u00e7\u00e3o e Consultoria","article_publisher":"https:\/\/www.facebook.com\/zonaverdept\/","article_published_time":"2026-01-26T09:00:53+00:00","og_image":[{"width":480,"height":350,"url":"https:\/\/zonaverde.pt\/site\/wp-content\/uploads\/O-impacto-da-Inteligencia-Artificial-no-trabalho-em-2026.png","type":"image\/png"}],"author":"Marketing | ZONAVERDE","twitter_card":"summary_large_image","twitter_misc":{"Escrito por":"Marketing | ZONAVERDE","Tempo estimado de leitura":"5 minutos"},"schema":{"@context":"https:\/\/schema.org","@graph":[{"@type":"Article","@id":"https:\/\/zonaverde.pt\/site\/o-impacto-da-inteligencia-artificial-no-trabalho-em-2026\/#article","isPartOf":{"@id":"https:\/\/zonaverde.pt\/site\/o-impacto-da-inteligencia-artificial-no-trabalho-em-2026\/"},"author":{"name":"Marketing | ZONAVERDE","@id":"https:\/\/zonaverde.pt\/site\/#\/schema\/person\/74f81111dcc86a759027a398f1d431d4"},"headline":"O impacto da Intelig\u00eancia Artificial no trabalho em 2026","datePublished":"2026-01-26T09:00:53+00:00","mainEntityOfPage":{"@id":"https:\/\/zonaverde.pt\/site\/o-impacto-da-inteligencia-artificial-no-trabalho-em-2026\/"},"wordCount":789,"commentCount":0,"publisher":{"@id":"https:\/\/zonaverde.pt\/site\/#organization"},"image":{"@id":"https:\/\/zonaverde.pt\/site\/o-impacto-da-inteligencia-artificial-no-trabalho-em-2026\/#primaryimage"},"thumbnailUrl":"https:\/\/zonaverde.pt\/site\/wp-content\/uploads\/O-impacto-da-Inteligencia-Artificial-no-trabalho-em-2026.png","articleSection":{"1":"ZONAVERDE"},"inLanguage":"pt-PT","potentialAction":[{"@type":"CommentAction","name":"Comment","target":["https:\/\/zonaverde.pt\/site\/o-impacto-da-inteligencia-artificial-no-trabalho-em-2026\/#respond"]}]},{"@type":"WebPage","@id":"https:\/\/zonaverde.pt\/site\/o-impacto-da-inteligencia-artificial-no-trabalho-em-2026\/","url":"https:\/\/zonaverde.pt\/site\/o-impacto-da-inteligencia-artificial-no-trabalho-em-2026\/","name":"O impacto da Intelig\u00eancia Artificial no trabalho em 2026","isPartOf":{"@id":"https:\/\/zonaverde.pt\/site\/#website"},"primaryImageOfPage":{"@id":"https:\/\/zonaverde.pt\/site\/o-impacto-da-inteligencia-artificial-no-trabalho-em-2026\/#primaryimage"},"image":{"@id":"https:\/\/zonaverde.pt\/site\/o-impacto-da-inteligencia-artificial-no-trabalho-em-2026\/#primaryimage"},"thumbnailUrl":"https:\/\/zonaverde.pt\/site\/wp-content\/uploads\/O-impacto-da-Inteligencia-Artificial-no-trabalho-em-2026.png","datePublished":"2026-01-26T09:00:53+00:00","description":"impacto da Intelig\u00eancia Artificial no trabalho em 2026 ser\u00e1 profundo, mas amplamente positivo para quem se prepara atempadamente.","breadcrumb":{"@id":"https:\/\/zonaverde.pt\/site\/o-impacto-da-inteligencia-artificial-no-trabalho-em-2026\/#breadcrumb"},"inLanguage":"pt-PT","potentialAction":[{"@type":"ReadAction","target":["https:\/\/zonaverde.pt\/site\/o-impacto-da-inteligencia-artificial-no-trabalho-em-2026\/"]}]},{"@type":"ImageObject","inLanguage":"pt-PT","@id":"https:\/\/zonaverde.pt\/site\/o-impacto-da-inteligencia-artificial-no-trabalho-em-2026\/#primaryimage","url":"https:\/\/zonaverde.pt\/site\/wp-content\/uploads\/O-impacto-da-Inteligencia-Artificial-no-trabalho-em-2026.png","contentUrl":"https:\/\/zonaverde.pt\/site\/wp-content\/uploads\/O-impacto-da-Inteligencia-Artificial-no-trabalho-em-2026.png","width":480,"height":350},{"@type":"BreadcrumbList","@id":"https:\/\/zonaverde.pt\/site\/o-impacto-da-inteligencia-artificial-no-trabalho-em-2026\/#breadcrumb","itemListElement":[{"@type":"ListItem","position":1,"name":"In\u00edcio","item":"https:\/\/zonaverde.pt\/site\/"},{"@type":"ListItem","position":2,"name":"O impacto da Intelig\u00eancia Artificial no trabalho em 2026"}]},{"@type":"WebSite","@id":"https:\/\/zonaverde.pt\/site\/#website","url":"https:\/\/zonaverde.pt\/site\/","name":"ZONAVERDE | Forma\u00e7\u00e3o e Consultoria","description":"ZONAVERDE empresa de Forma\u00e7\u00e3o para particulares e \u00e0 medida para empresas (Presencial e e-Learning) e Consultoria no apoio \u00e0s PME&#039;s.","publisher":{"@id":"https:\/\/zonaverde.pt\/site\/#organization"},"potentialAction":[{"@type":"SearchAction","target":{"@type":"EntryPoint","urlTemplate":"https:\/\/zonaverde.pt\/site\/?s={search_term_string}"},"query-input":{"@type":"PropertyValueSpecification","valueRequired":true,"valueName":"search_term_string"}}],"inLanguage":"pt-PT"},{"@type":"Organization","@id":"https:\/\/zonaverde.pt\/site\/#organization","name":"ZONAVERDE | Forma\u00e7\u00e3o e Consultoria","url":"https:\/\/zonaverde.pt\/site\/","logo":{"@type":"ImageObject","inLanguage":"pt-PT","@id":"https:\/\/zonaverde.pt\/site\/#\/schema\/logo\/image\/","url":"https:\/\/zonaverde.pt\/site\/wp-content\/uploads\/2019\/04\/logotipo-zonaverde.png","contentUrl":"https:\/\/zonaverde.pt\/site\/wp-content\/uploads\/2019\/04\/logotipo-zonaverde.png","width":165,"height":55,"caption":"ZONAVERDE | Forma\u00e7\u00e3o e Consultoria"},"image":{"@id":"https:\/\/zonaverde.pt\/site\/#\/schema\/logo\/image\/"},"sameAs":["https:\/\/www.facebook.com\/zonaverdept\/","https:\/\/www.instagram.com\/zonaverdept\/","https:\/\/linkedin.com\/company\/zonaverdept","https:\/\/www.youtube.com\/user\/ZonaVerdeCEA"]},{"@type":"Person","@id":"https:\/\/zonaverde.pt\/site\/#\/schema\/person\/74f81111dcc86a759027a398f1d431d4","name":"Marketing | ZONAVERDE","image":{"@type":"ImageObject","inLanguage":"pt-PT","@id":"https:\/\/zonaverde.pt\/site\/#\/schema\/person\/image\/","url":"https:\/\/secure.gravatar.com\/avatar\/aa3aeb1a933ac9ccc47350510bd28900b2914f35e719adf517b6267966b6190a?s=96&d=mm&r=g","contentUrl":"https:\/\/secure.gravatar.com\/avatar\/aa3aeb1a933ac9ccc47350510bd28900b2914f35e719adf517b6267966b6190a?s=96&d=mm&r=g","caption":"Marketing | ZONAVERDE"}}]}},"_links":{"self":[{"href":"https:\/\/zonaverde.pt\/site\/wp-json\/wp\/v2\/posts\/69644","targetHints":{"allow":["GET"]}}],"collection":[{"href":"https:\/\/zonaverde.pt\/site\/wp-json\/wp\/v2\/posts"}],"about":[{"href":"https:\/\/zonaverde.pt\/site\/wp-json\/wp\/v2\/types\/post"}],"author":[{"embeddable":true,"href":"https:\/\/zonaverde.pt\/site\/wp-json\/wp\/v2\/users\/7"}],"replies":[{"embeddable":true,"href":"https:\/\/zonaverde.pt\/site\/wp-json\/wp\/v2\/comments?post=69644"}],"version-history":[{"count":2,"href":"https:\/\/zonaverde.pt\/site\/wp-json\/wp\/v2\/posts\/69644\/revisions"}],"predecessor-version":[{"id":69647,"href":"https:\/\/zonaverde.pt\/site\/wp-json\/wp\/v2\/posts\/69644\/revisions\/69647"}],"wp:featuredmedia":[{"embeddable":true,"href":"https:\/\/zonaverde.pt\/site\/wp-json\/wp\/v2\/media\/69646"}],"wp:attachment":[{"href":"https:\/\/zonaverde.pt\/site\/wp-json\/wp\/v2\/media?parent=69644"}],"wp:term":[{"taxonomy":"category","embeddable":true,"href":"https:\/\/zonaverde.pt\/site\/wp-json\/wp\/v2\/categories?post=69644"},{"taxonomy":"post_tag","embeddable":true,"href":"https:\/\/zonaverde.pt\/site\/wp-json\/wp\/v2\/tags?post=69644"}],"curies":[{"name":"wp","href":"https:\/\/api.w.org\/{rel}","templated":true}]}}