{"id":8753,"date":"2015-06-02T13:25:06","date_gmt":"2015-06-02T13:25:06","guid":{"rendered":"https:\/\/zonaverde.pt\/?p=8753"},"modified":"2015-06-02T13:25:06","modified_gmt":"2015-06-02T13:25:06","slug":"zonaverde-no-iii-simposio-nacional-sobre-formacao-e-desenvolvimento-organizacional","status":"publish","type":"post","link":"https:\/\/zonaverde.pt\/site\/zonaverde-no-iii-simposio-nacional-sobre-formacao-e-desenvolvimento-organizacional\/","title":{"rendered":"ZONAVERDE no III Simp\u00f3sio Nacional sobre Forma\u00e7\u00e3o e Desenvolvimento Organizacional"},"content":{"rendered":"[:pt]<a href=\"https:\/\/zonaverde.pt\/site\/portal\/site\/wp-content\/uploads\/2015\/06\/forma\u00e7\u00e3o-desenvolvimento-organizacional.png\"><img loading=\"lazy\" decoding=\"async\" class=\"alignnone size-full wp-image-9606\" src=\"https:\/\/zonaverde.pt\/site\/portal\/site\/wp-content\/uploads\/2015\/06\/forma\u00e7\u00e3o-desenvolvimento-organizacional.png\" alt=\"simposio nacional\" width=\"670\" height=\"230\" srcset=\"https:\/\/zonaverde.pt\/site\/wp-content\/uploads\/2015\/06\/forma\u00e7\u00e3o-desenvolvimento-organizacional.png 670w, https:\/\/zonaverde.pt\/site\/wp-content\/uploads\/2015\/06\/forma\u00e7\u00e3o-desenvolvimento-organizacional-300x103.png 300w, https:\/\/zonaverde.pt\/site\/wp-content\/uploads\/2015\/06\/forma\u00e7\u00e3o-desenvolvimento-organizacional-280x96.png 280w\" sizes=\"auto, (max-width: 670px) 100vw, 670px\" \/><\/a><\/p>\n<p>A <strong>ZONAVERDE<\/strong> estar\u00e1 presente no <strong>III Simp\u00f3sio Nacional sobre Forma\u00e7\u00e3o e Desenvolvimento Organizacional<\/strong>, que se realizar\u00e1 nos dias 4 e 5 de Junho, no <strong>ISCTE-IUL<\/strong>.<\/p>\n<p><!--more Ler Artigo--><\/p>\n<p>Assumimos como crucial uma presen\u00e7a ativa na <strong>constru\u00e7\u00e3o de conhecimento<\/strong> sobre <strong>forma\u00e7\u00e3o<\/strong> e desenvolvimento, aliando a <strong>componente empresarial<\/strong> \u00e0 realidade operacional com que nos deparamos.<\/p>\n<p>Neste sentido, estaremos presentes neste simp\u00f3sio com o tema &#8220;<strong>\u00c9 poss\u00edvel fazer forma\u00e7\u00e3o a dist\u00e2ncia nas empresas?<\/strong>&#8220;, que integrada no painel da tarde de dia 5 de Junho.<\/p>\n<p><a title=\"Programa do III Simp\u00f3sio Nacional Sobre Forma\u00e7\u00e3o e Desenvolvimento Organizacional\" href=\"http:\/\/simposioformacao.iscte-iul.pt\/node\/601\" target=\"_blank\" rel=\"noopener noreferrer\">Ver programa do III Simp\u00f3sio Nacional Sobre Forma\u00e7\u00e3o e Desenvolvimento Organizacional<\/a>.[:]\n","protected":false},"excerpt":{"rendered":"<p>[:pt]ZONAVERDE no III Simp\u00f3sio Nacional sobre Forma\u00e7\u00e3o e Desenvolvimento Organizacional com o tema &#8220;\u00c9 poss\u00edvel fazer forma\u00e7\u00e3o a dist\u00e2ncia nas empresas?&#8221;.[:]<\/p>\n","protected":false},"author":7,"featured_media":0,"comment_status":"closed","ping_status":"open","sticky":false,"template":"","format":"standard","meta":{"_acf_changed":false,"footnotes":""},"categories":[543,1974,1976,1971],"tags":[2169],"class_list":["post-8753","post","type-post","status-publish","format-standard","hentry","category-academia","category-consultoria-2","category-incompany","category-zonaverde-2","tag-iii-simposio-nacional-sobre-formacao-e-desenvolvimento-organizacional","prodpage-classic"],"acf":[],"yoast_head":"<!-- This site is optimized with the Yoast SEO Premium plugin v27.0 (Yoast SEO v27.0) - https:\/\/yoast.com\/product\/yoast-seo-premium-wordpress\/ -->\n<title>ZONAVERDE no III Simp\u00f3sio Nacional sobre Forma\u00e7\u00e3o<\/title>\n<meta name=\"description\" content=\"A ZONAVERDE vai estar no ISCTE-IUL nos dias 4 e 5 de junho para o III Simp\u00f3sio Nacional sobre Forma\u00e7\u00e3o e Desenvolvimento Organizacional.\" \/>\n<meta name=\"robots\" content=\"index, follow, max-snippet:-1, max-image-preview:large, max-video-preview:-1\" \/>\n<link rel=\"canonical\" href=\"https:\/\/zonaverde.pt\/site\/zonaverde-no-iii-simposio-nacional-sobre-formacao-e-desenvolvimento-organizacional\/\" \/>\n<meta property=\"og:locale\" content=\"pt_PT\" \/>\n<meta property=\"og:type\" content=\"article\" \/>\n<meta property=\"og:title\" content=\"ZONAVERDE no III Simp\u00f3sio Nacional sobre Forma\u00e7\u00e3o\" \/>\n<meta property=\"og:description\" content=\"A ZONAVERDE vai estar no ISCTE-IUL nos dias 4 e 5 de junho para o III Simp\u00f3sio Nacional sobre Forma\u00e7\u00e3o e Desenvolvimento Organizacional.\" \/>\n<meta property=\"og:url\" content=\"https:\/\/zonaverde.pt\/site\/zonaverde-no-iii-simposio-nacional-sobre-formacao-e-desenvolvimento-organizacional\/\" \/>\n<meta property=\"og:site_name\" content=\"ZONAVERDE | Forma\u00e7\u00e3o e Consultoria\" \/>\n<meta property=\"article:publisher\" content=\"https:\/\/www.facebook.com\/zonaverdept\/\" \/>\n<meta property=\"article:published_time\" content=\"2015-06-02T13:25:06+00:00\" \/>\n<meta name=\"author\" content=\"Marketing | ZONAVERDE\" \/>\n<meta name=\"twitter:card\" content=\"summary_large_image\" \/>\n<meta name=\"twitter:title\" content=\"ZONAVERDE no III Simp\u00f3sio Nacional sobre Forma\u00e7\u00e3o\" \/>\n<meta name=\"twitter:description\" content=\"A ZONAVERDE vai estar no ISCTE-IUL nos dias 4 e 5 de junho para o III Simp\u00f3sio Nacional sobre Forma\u00e7\u00e3o e Desenvolvimento Organizacional.\" \/>\n<meta name=\"twitter:image\" content=\"https:\/\/zonaverde.pt\/site\/portal\/site\/wp-content\/uploads\/2015\/06\/forma\u00e7\u00e3o-desenvolvimento-organizacional.png\" \/>\n<meta name=\"twitter:label1\" content=\"Escrito por\" \/>\n\t<meta name=\"twitter:data1\" content=\"Marketing | ZONAVERDE\" \/>\n<script type=\"application\/ld+json\" class=\"yoast-schema-graph\">{\"@context\":\"https:\/\/schema.org\",\"@graph\":[{\"@type\":\"Article\",\"@id\":\"https:\/\/zonaverde.pt\/site\/zonaverde-no-iii-simposio-nacional-sobre-formacao-e-desenvolvimento-organizacional\/#article\",\"isPartOf\":{\"@id\":\"https:\/\/zonaverde.pt\/site\/zonaverde-no-iii-simposio-nacional-sobre-formacao-e-desenvolvimento-organizacional\/\"},\"author\":{\"name\":\"Marketing | ZONAVERDE\",\"@id\":\"https:\/\/zonaverde.pt\/site\/#\/schema\/person\/74f81111dcc86a759027a398f1d431d4\"},\"headline\":\"ZONAVERDE no III Simp\u00f3sio Nacional sobre Forma\u00e7\u00e3o e Desenvolvimento Organizacional\",\"datePublished\":\"2015-06-02T13:25:06+00:00\",\"mainEntityOfPage\":{\"@id\":\"https:\/\/zonaverde.pt\/site\/zonaverde-no-iii-simposio-nacional-sobre-formacao-e-desenvolvimento-organizacional\/\"},\"wordCount\":108,\"publisher\":{\"@id\":\"https:\/\/zonaverde.pt\/site\/#organization\"},\"keywords\":[\"III Simp\u00f3sio Nacional Sobre Forma\u00e7\u00e3o e Desenvolvimento Organizacional\"],\"articleSection\":[\"Academia\",\"Consultoria\",\"Forma\u00e7\u00e3o Empresas\",\"ZONAVERDE\"],\"inLanguage\":\"pt-PT\"},{\"@type\":\"WebPage\",\"@id\":\"https:\/\/zonaverde.pt\/site\/zonaverde-no-iii-simposio-nacional-sobre-formacao-e-desenvolvimento-organizacional\/\",\"url\":\"https:\/\/zonaverde.pt\/site\/zonaverde-no-iii-simposio-nacional-sobre-formacao-e-desenvolvimento-organizacional\/\",\"name\":\"ZONAVERDE no III Simp\u00f3sio Nacional sobre Forma\u00e7\u00e3o\",\"isPartOf\":{\"@id\":\"https:\/\/zonaverde.pt\/site\/#website\"},\"datePublished\":\"2015-06-02T13:25:06+00:00\",\"description\":\"A ZONAVERDE vai estar no ISCTE-IUL nos dias 4 e 5 de junho para o III Simp\u00f3sio Nacional sobre Forma\u00e7\u00e3o e Desenvolvimento Organizacional.\",\"breadcrumb\":{\"@id\":\"https:\/\/zonaverde.pt\/site\/zonaverde-no-iii-simposio-nacional-sobre-formacao-e-desenvolvimento-organizacional\/#breadcrumb\"},\"inLanguage\":\"pt-PT\",\"potentialAction\":[{\"@type\":\"ReadAction\",\"target\":[\"https:\/\/zonaverde.pt\/site\/zonaverde-no-iii-simposio-nacional-sobre-formacao-e-desenvolvimento-organizacional\/\"]}]},{\"@type\":\"BreadcrumbList\",\"@id\":\"https:\/\/zonaverde.pt\/site\/zonaverde-no-iii-simposio-nacional-sobre-formacao-e-desenvolvimento-organizacional\/#breadcrumb\",\"itemListElement\":[{\"@type\":\"ListItem\",\"position\":1,\"name\":\"In\u00edcio\",\"item\":\"https:\/\/zonaverde.pt\/site\/\"},{\"@type\":\"ListItem\",\"position\":2,\"name\":\"ZONAVERDE no III Simp\u00f3sio Nacional sobre Forma\u00e7\u00e3o e Desenvolvimento Organizacional\"}]},{\"@type\":\"WebSite\",\"@id\":\"https:\/\/zonaverde.pt\/site\/#website\",\"url\":\"https:\/\/zonaverde.pt\/site\/\",\"name\":\"ZONAVERDE | Forma\u00e7\u00e3o e Consultoria\",\"description\":\"ZONAVERDE empresa de Forma\u00e7\u00e3o para particulares e \u00e0 medida para empresas (Presencial e e-Learning) e Consultoria no apoio \u00e0s PME&#039;s.\",\"publisher\":{\"@id\":\"https:\/\/zonaverde.pt\/site\/#organization\"},\"potentialAction\":[{\"@type\":\"SearchAction\",\"target\":{\"@type\":\"EntryPoint\",\"urlTemplate\":\"https:\/\/zonaverde.pt\/site\/?s={search_term_string}\"},\"query-input\":{\"@type\":\"PropertyValueSpecification\",\"valueRequired\":true,\"valueName\":\"search_term_string\"}}],\"inLanguage\":\"pt-PT\"},{\"@type\":\"Organization\",\"@id\":\"https:\/\/zonaverde.pt\/site\/#organization\",\"name\":\"ZONAVERDE | Forma\u00e7\u00e3o e Consultoria\",\"url\":\"https:\/\/zonaverde.pt\/site\/\",\"logo\":{\"@type\":\"ImageObject\",\"inLanguage\":\"pt-PT\",\"@id\":\"https:\/\/zonaverde.pt\/site\/#\/schema\/logo\/image\/\",\"url\":\"https:\/\/zonaverde.pt\/site\/wp-content\/uploads\/2019\/04\/logotipo-zonaverde.png\",\"contentUrl\":\"https:\/\/zonaverde.pt\/site\/wp-content\/uploads\/2019\/04\/logotipo-zonaverde.png\",\"width\":165,\"height\":55,\"caption\":\"ZONAVERDE | Forma\u00e7\u00e3o e Consultoria\"},\"image\":{\"@id\":\"https:\/\/zonaverde.pt\/site\/#\/schema\/logo\/image\/\"},\"sameAs\":[\"https:\/\/www.facebook.com\/zonaverdept\/\",\"https:\/\/www.instagram.com\/zonaverdept\/\",\"https:\/\/linkedin.com\/company\/zonaverdept\",\"https:\/\/www.youtube.com\/user\/ZonaVerdeCEA\"]},{\"@type\":\"Person\",\"@id\":\"https:\/\/zonaverde.pt\/site\/#\/schema\/person\/74f81111dcc86a759027a398f1d431d4\",\"name\":\"Marketing | ZONAVERDE\",\"image\":{\"@type\":\"ImageObject\",\"inLanguage\":\"pt-PT\",\"@id\":\"https:\/\/zonaverde.pt\/site\/#\/schema\/person\/image\/\",\"url\":\"https:\/\/secure.gravatar.com\/avatar\/aa3aeb1a933ac9ccc47350510bd28900b2914f35e719adf517b6267966b6190a?s=96&d=mm&r=g\",\"contentUrl\":\"https:\/\/secure.gravatar.com\/avatar\/aa3aeb1a933ac9ccc47350510bd28900b2914f35e719adf517b6267966b6190a?s=96&d=mm&r=g\",\"caption\":\"Marketing | ZONAVERDE\"}}]}<\/script>\n<!-- \/ Yoast SEO Premium plugin. -->","yoast_head_json":{"title":"ZONAVERDE no III Simp\u00f3sio Nacional sobre Forma\u00e7\u00e3o","description":"A ZONAVERDE vai estar no ISCTE-IUL nos dias 4 e 5 de junho para o III Simp\u00f3sio Nacional sobre Forma\u00e7\u00e3o e Desenvolvimento Organizacional.","robots":{"index":"index","follow":"follow","max-snippet":"max-snippet:-1","max-image-preview":"max-image-preview:large","max-video-preview":"max-video-preview:-1"},"canonical":"https:\/\/zonaverde.pt\/site\/zonaverde-no-iii-simposio-nacional-sobre-formacao-e-desenvolvimento-organizacional\/","og_locale":"pt_PT","og_type":"article","og_title":"ZONAVERDE no III Simp\u00f3sio Nacional sobre Forma\u00e7\u00e3o","og_description":"A ZONAVERDE vai estar no ISCTE-IUL nos dias 4 e 5 de junho para o III Simp\u00f3sio Nacional sobre Forma\u00e7\u00e3o e Desenvolvimento Organizacional.","og_url":"https:\/\/zonaverde.pt\/site\/zonaverde-no-iii-simposio-nacional-sobre-formacao-e-desenvolvimento-organizacional\/","og_site_name":"ZONAVERDE | Forma\u00e7\u00e3o e Consultoria","article_publisher":"https:\/\/www.facebook.com\/zonaverdept\/","article_published_time":"2015-06-02T13:25:06+00:00","author":"Marketing | ZONAVERDE","twitter_card":"summary_large_image","twitter_title":"ZONAVERDE no III Simp\u00f3sio Nacional sobre Forma\u00e7\u00e3o","twitter_description":"A ZONAVERDE vai estar no ISCTE-IUL nos dias 4 e 5 de junho para o III Simp\u00f3sio Nacional sobre Forma\u00e7\u00e3o e Desenvolvimento Organizacional.","twitter_image":"https:\/\/zonaverde.pt\/site\/portal\/site\/wp-content\/uploads\/2015\/06\/forma\u00e7\u00e3o-desenvolvimento-organizacional.png","twitter_misc":{"Escrito por":"Marketing | ZONAVERDE"},"schema":{"@context":"https:\/\/schema.org","@graph":[{"@type":"Article","@id":"https:\/\/zonaverde.pt\/site\/zonaverde-no-iii-simposio-nacional-sobre-formacao-e-desenvolvimento-organizacional\/#article","isPartOf":{"@id":"https:\/\/zonaverde.pt\/site\/zonaverde-no-iii-simposio-nacional-sobre-formacao-e-desenvolvimento-organizacional\/"},"author":{"name":"Marketing | ZONAVERDE","@id":"https:\/\/zonaverde.pt\/site\/#\/schema\/person\/74f81111dcc86a759027a398f1d431d4"},"headline":"ZONAVERDE no III Simp\u00f3sio Nacional sobre Forma\u00e7\u00e3o e Desenvolvimento Organizacional","datePublished":"2015-06-02T13:25:06+00:00","mainEntityOfPage":{"@id":"https:\/\/zonaverde.pt\/site\/zonaverde-no-iii-simposio-nacional-sobre-formacao-e-desenvolvimento-organizacional\/"},"wordCount":108,"publisher":{"@id":"https:\/\/zonaverde.pt\/site\/#organization"},"keywords":["III Simp\u00f3sio Nacional Sobre Forma\u00e7\u00e3o e Desenvolvimento Organizacional"],"articleSection":["Academia","Consultoria","Forma\u00e7\u00e3o Empresas","ZONAVERDE"],"inLanguage":"pt-PT"},{"@type":"WebPage","@id":"https:\/\/zonaverde.pt\/site\/zonaverde-no-iii-simposio-nacional-sobre-formacao-e-desenvolvimento-organizacional\/","url":"https:\/\/zonaverde.pt\/site\/zonaverde-no-iii-simposio-nacional-sobre-formacao-e-desenvolvimento-organizacional\/","name":"ZONAVERDE no III Simp\u00f3sio Nacional sobre Forma\u00e7\u00e3o","isPartOf":{"@id":"https:\/\/zonaverde.pt\/site\/#website"},"datePublished":"2015-06-02T13:25:06+00:00","description":"A ZONAVERDE vai estar no ISCTE-IUL nos dias 4 e 5 de junho para o III Simp\u00f3sio Nacional sobre Forma\u00e7\u00e3o e Desenvolvimento Organizacional.","breadcrumb":{"@id":"https:\/\/zonaverde.pt\/site\/zonaverde-no-iii-simposio-nacional-sobre-formacao-e-desenvolvimento-organizacional\/#breadcrumb"},"inLanguage":"pt-PT","potentialAction":[{"@type":"ReadAction","target":["https:\/\/zonaverde.pt\/site\/zonaverde-no-iii-simposio-nacional-sobre-formacao-e-desenvolvimento-organizacional\/"]}]},{"@type":"BreadcrumbList","@id":"https:\/\/zonaverde.pt\/site\/zonaverde-no-iii-simposio-nacional-sobre-formacao-e-desenvolvimento-organizacional\/#breadcrumb","itemListElement":[{"@type":"ListItem","position":1,"name":"In\u00edcio","item":"https:\/\/zonaverde.pt\/site\/"},{"@type":"ListItem","position":2,"name":"ZONAVERDE no III Simp\u00f3sio Nacional sobre Forma\u00e7\u00e3o e Desenvolvimento Organizacional"}]},{"@type":"WebSite","@id":"https:\/\/zonaverde.pt\/site\/#website","url":"https:\/\/zonaverde.pt\/site\/","name":"ZONAVERDE | Forma\u00e7\u00e3o e Consultoria","description":"ZONAVERDE empresa de Forma\u00e7\u00e3o para particulares e \u00e0 medida para empresas (Presencial e e-Learning) e Consultoria no apoio \u00e0s PME&#039;s.","publisher":{"@id":"https:\/\/zonaverde.pt\/site\/#organization"},"potentialAction":[{"@type":"SearchAction","target":{"@type":"EntryPoint","urlTemplate":"https:\/\/zonaverde.pt\/site\/?s={search_term_string}"},"query-input":{"@type":"PropertyValueSpecification","valueRequired":true,"valueName":"search_term_string"}}],"inLanguage":"pt-PT"},{"@type":"Organization","@id":"https:\/\/zonaverde.pt\/site\/#organization","name":"ZONAVERDE | Forma\u00e7\u00e3o e Consultoria","url":"https:\/\/zonaverde.pt\/site\/","logo":{"@type":"ImageObject","inLanguage":"pt-PT","@id":"https:\/\/zonaverde.pt\/site\/#\/schema\/logo\/image\/","url":"https:\/\/zonaverde.pt\/site\/wp-content\/uploads\/2019\/04\/logotipo-zonaverde.png","contentUrl":"https:\/\/zonaverde.pt\/site\/wp-content\/uploads\/2019\/04\/logotipo-zonaverde.png","width":165,"height":55,"caption":"ZONAVERDE | Forma\u00e7\u00e3o e Consultoria"},"image":{"@id":"https:\/\/zonaverde.pt\/site\/#\/schema\/logo\/image\/"},"sameAs":["https:\/\/www.facebook.com\/zonaverdept\/","https:\/\/www.instagram.com\/zonaverdept\/","https:\/\/linkedin.com\/company\/zonaverdept","https:\/\/www.youtube.com\/user\/ZonaVerdeCEA"]},{"@type":"Person","@id":"https:\/\/zonaverde.pt\/site\/#\/schema\/person\/74f81111dcc86a759027a398f1d431d4","name":"Marketing | ZONAVERDE","image":{"@type":"ImageObject","inLanguage":"pt-PT","@id":"https:\/\/zonaverde.pt\/site\/#\/schema\/person\/image\/","url":"https:\/\/secure.gravatar.com\/avatar\/aa3aeb1a933ac9ccc47350510bd28900b2914f35e719adf517b6267966b6190a?s=96&d=mm&r=g","contentUrl":"https:\/\/secure.gravatar.com\/avatar\/aa3aeb1a933ac9ccc47350510bd28900b2914f35e719adf517b6267966b6190a?s=96&d=mm&r=g","caption":"Marketing | ZONAVERDE"}}]}},"_links":{"self":[{"href":"https:\/\/zonaverde.pt\/site\/wp-json\/wp\/v2\/posts\/8753","targetHints":{"allow":["GET"]}}],"collection":[{"href":"https:\/\/zonaverde.pt\/site\/wp-json\/wp\/v2\/posts"}],"about":[{"href":"https:\/\/zonaverde.pt\/site\/wp-json\/wp\/v2\/types\/post"}],"author":[{"embeddable":true,"href":"https:\/\/zonaverde.pt\/site\/wp-json\/wp\/v2\/users\/7"}],"replies":[{"embeddable":true,"href":"https:\/\/zonaverde.pt\/site\/wp-json\/wp\/v2\/comments?post=8753"}],"version-history":[{"count":0,"href":"https:\/\/zonaverde.pt\/site\/wp-json\/wp\/v2\/posts\/8753\/revisions"}],"wp:attachment":[{"href":"https:\/\/zonaverde.pt\/site\/wp-json\/wp\/v2\/media?parent=8753"}],"wp:term":[{"taxonomy":"category","embeddable":true,"href":"https:\/\/zonaverde.pt\/site\/wp-json\/wp\/v2\/categories?post=8753"},{"taxonomy":"post_tag","embeddable":true,"href":"https:\/\/zonaverde.pt\/site\/wp-json\/wp\/v2\/tags?post=8753"}],"curies":[{"name":"wp","href":"https:\/\/api.w.org\/{rel}","templated":true}]}}